[{"@context":"https:\/\/schema.org\/","@type":"Article","@id":"https:\/\/www.cvcdk.cz\/jak-se-vam-libi-v-oblasti-velkeho-mederu\/#Article","mainEntityOfPage":"https:\/\/www.cvcdk.cz\/jak-se-vam-libi-v-oblasti-velkeho-mederu\/","headline":"Jak se v\u00e1m l\u00edb\u00ed v oblasti Velk\u00e9ho Mederu","name":"Jak se v\u00e1m l\u00edb\u00ed v oblasti Velk\u00e9ho Mederu","description":"Velk\u00fd Meder je pom\u011brn\u011b mal\u00e1 obec na ji\u017en\u00edm Slovensku a zpovzd\u00e1l\u00ed v\u00e1s ni\u010d\u00edm zvl\u00e1\u0161tn\u00edm neupout\u00e1. Projeli byste mo\u017en\u00e1 kolem bez pov\u0161imnut\u00ed a sm\u011b\u0159ovali n\u011bkam d\u00e1l, nap\u0159\u00edklad do hornat\u00e9 oblasti st\u0159edn\u00edho Slovenska, k Mal\u00e9 Fat\u0159e \u010di do N\u00edzk\u00fdch Tater. O existenci tohoto v\u00fdznamn\u00e9ho m\u00edsta v Podunajsk\u00e9 n\u00ed\u017ein\u011b v\u0161ak v\u00ed zejm\u00e9na ti, co m\u011bli to \u0161t\u011bst\u00ed a [&hellip;]","datePublished":"2022-11-13","dateModified":"2022-11-13","author":{"@type":"Person","@id":"https:\/\/www.cvcdk.cz\/author\/#Person","name":"","url":"https:\/\/www.cvcdk.cz\/author\/","identifier":1,"image":{"@type":"ImageObject","@id":"https:\/\/secure.gravatar.com\/avatar\/ade5060b95d9432296fc92debd2ba3136f7a4d727a7bc57afe18c4808c7d7ac9?s=96&d=mm&r=g","url":"https:\/\/secure.gravatar.com\/avatar\/ade5060b95d9432296fc92debd2ba3136f7a4d727a7bc57afe18c4808c7d7ac9?s=96&d=mm&r=g","height":96,"width":96}},"publisher":{"@type":"Organization","name":"cvcdk.cz","logo":{"@type":"ImageObject","@id":"\/logo.png","url":"\/logo.png","width":600,"height":60}},"image":{"@type":"ImageObject","@id":"https:\/\/www.cvcdk.cz\/wp-content\/uploads\/swimming-pool-gec0a888d9_640.jpg","url":"https:\/\/www.cvcdk.cz\/wp-content\/uploads\/swimming-pool-gec0a888d9_640.jpg","height":0,"width":0},"url":"https:\/\/www.cvcdk.cz\/jak-se-vam-libi-v-oblasti-velkeho-mederu\/","wordCount":419,"articleBody":"   Velk\u00fd Meder je pom\u011brn\u011b mal\u00e1 obec na ji\u017en\u00edm Slovensku a zpovzd\u00e1l\u00ed v\u00e1s ni\u010d\u00edm zvl\u00e1\u0161tn\u00edm neupout\u00e1. Projeli byste mo\u017en\u00e1 kolem bez pov\u0161imnut\u00ed a sm\u011b\u0159ovali n\u011bkam d\u00e1l, nap\u0159\u00edklad do hornat\u00e9 oblasti st\u0159edn\u00edho Slovenska, k Mal\u00e9 Fat\u0159e \u010di do N\u00edzk\u00fdch Tater. O existenci tohoto v\u00fdznamn\u00e9ho m\u00edsta v Podunajsk\u00e9 n\u00ed\u017ein\u011b v\u0161ak v\u00ed zejm\u00e9na ti, co m\u011bli to \u0161t\u011bst\u00ed a zajistili si tu dovolenkov\u00fd pobyt. Mnoz\u00ed lid\u00e9, kte\u0159\u00ed tu pob\u00fdvali alespo\u0148 t\u00fdden, v\u00e1m povypr\u00e1v\u00ed, pro\u010d jezd\u00ed zrovna sem, a ne t\u0159eba ke zmi\u0148ovan\u00fdm horsk\u00fdm vrcholk\u016fm s dalek\u00fdmi rozhledy. Pobyt na hor\u00e1ch je samoz\u0159ejm\u011b fascinuj\u00edc\u00ed a na Slovensku v\u00e1m jej rozhodn\u011b doporu\u010dujeme, ale Velk\u00fd Meder by v\u00e1s mohl oslovit minim\u00e1ln\u011b stejnou m\u011brou. Oblast vyv\u011braj\u00edc\u00edch pramen\u016fJi\u017en\u00ed Slovensko a severn\u00ed \u010d\u00e1st Ma\u010farska se vyzna\u010duje mimo jin\u00e9 nejen \u00farodnou oblast\u00ed s p\u0159\u00edzniv\u00fdm klimatem pro p\u011bstov\u00e1n\u00ed zem\u011bd\u011blsk\u00fdch plodin, ale tak\u00e9 vyv\u011braj\u00edc\u00edmi term\u00e1ln\u00edmi prameny. Najdete je na \u0159ad\u011b m\u00edst a mezi nimi i pr\u00e1v\u011b zde, ve Velk\u00e9m Mederu. Na jeho jihoz\u00e1padn\u00edm okraji se rozprost\u00edr\u00e1 na plo\u0161e n\u011bkolika \u010dtvere\u010dn\u00edch kilometr\u016f zalesn\u011bn\u00fd park, kter\u00fd obklopuje soustavu baz\u00e9n\u016f s term\u00e1ln\u00ed vodou.Jedn\u00e1 se o vyhl\u00e1\u0161enou rekrea\u010dn\u00ed lokalitu, kde se m\u016f\u017eete koupat v p\u0159\u00edjemn\u011b tepl\u00e9 vod\u011b po cel\u00fd rok, tedy i v zim\u011b, n\u011bkter\u00e9 baz\u00e9ny jsou zast\u0159e\u0161en\u00e9, ale v\u011bt\u0161inu z nich najdete pod \u0161ir\u00fdm nebem. M\u016f\u017eete tu samoz\u0159ejm\u011b tr\u00e9novat plaveck\u00fd styl, ov\u0161em mnohem p\u016fsobiv\u011bj\u0161\u00ed je relaxa\u010dn\u00ed r\u00e1z pobytu, kdy si dop\u0159ejete pohyb pod hladinou s mas\u00e1\u017en\u00edmi tryskami, um\u011bl\u00fdm vodop\u00e1dem a sprchami, anebo perli\u010dkovou l\u00e1ze\u0148, co\u017e jsou atrakce, kter\u00e9 p\u0159ipom\u00ednaj\u00ed sp\u00ed\u0161e typick\u00e9 l\u00e1ze\u0148sk\u00e9 procedury. Po\u010d\u00edtejte v\u0161ak s t\u00edm, \u017ee v letn\u00edch m\u011bs\u00edc\u00edch, zejm\u00e9na v \u010dervenci a v srpnu zde bude pom\u011brn\u011b mnoho n\u00e1v\u0161t\u011bvn\u00edk\u016f, a tak se mo\u017en\u00e1 vyplat\u00ed objednat si v apartm\u00e1nech Velk\u00e9ho Mederu ubytov\u00e1n\u00ed nap\u0159\u00edklad v kv\u011btnu nebo v z\u00e1\u0159\u00ed. Budete tu pak m\u00edt v\u00edce soukrom\u00ed pro svou rodinu, p\u0159\u00e1tele a zn\u00e1m\u00e9.                                                                                                                                                                                                                                                                                                                                                                                                  "},{"@context":"https:\/\/schema.org\/","@type":"BreadcrumbList","itemListElement":[{"@type":"ListItem","position":1,"name":"Jak se v\u00e1m l\u00edb\u00ed v oblasti Velk\u00e9ho Mederu","item":"https:\/\/www.cvcdk.cz\/jak-se-vam-libi-v-oblasti-velkeho-mederu\/#breadcrumbitem"}]}]