[{"@context":"https:\/\/schema.org\/","@type":"Article","@id":"https:\/\/www.cvcdk.cz\/kdyz-pater-trpi\/#Article","mainEntityOfPage":"https:\/\/www.cvcdk.cz\/kdyz-pater-trpi\/","headline":"Kdy\u017e p\u00e1te\u0159 trp\u00ed","name":"Kdy\u017e p\u00e1te\u0159 trp\u00ed","description":"Zajist\u00e9 u\u017e ka\u017ed\u00fd z V\u00e1s alespo\u0148 jednou v \u017eivot\u011b za\u017eil tu bezmoc, kdy\u017e u\u017e nem\u016f\u017eete naj\u00edt \u017e\u00e1dnou vhodnou polohu, aby V\u00e1s aspo\u0148 na malou chvilku opustila bolest zad. A co teprve kr\u010dn\u00ed p\u00e1te\u0159 nebo bedern\u00ed \u010d\u00e1st p\u00e1te\u0159e? No prost\u011b utrpen\u00ed. Tak my te\u010f a tady pro V\u00e1s m\u00e1me \u0159e\u0161en\u00ed v podob\u011b pol\u0161t\u00e1\u0159ku na sezen\u00ed, kter\u00fd [&hellip;]","datePublished":"2024-11-29","dateModified":"2024-11-29","author":{"@type":"Person","@id":"https:\/\/www.cvcdk.cz\/author\/#Person","name":"","url":"https:\/\/www.cvcdk.cz\/author\/","identifier":1,"image":{"@type":"ImageObject","@id":"https:\/\/secure.gravatar.com\/avatar\/ade5060b95d9432296fc92debd2ba3136f7a4d727a7bc57afe18c4808c7d7ac9?s=96&d=mm&r=g","url":"https:\/\/secure.gravatar.com\/avatar\/ade5060b95d9432296fc92debd2ba3136f7a4d727a7bc57afe18c4808c7d7ac9?s=96&d=mm&r=g","height":96,"width":96}},"publisher":{"@type":"Organization","name":"cvcdk.cz","logo":{"@type":"ImageObject","@id":"\/logo.png","url":"\/logo.png","width":600,"height":60}},"url":"https:\/\/www.cvcdk.cz\/kdyz-pater-trpi\/","wordCount":207,"articleBody":" Zajist\u00e9 u\u017e ka\u017ed\u00fd z V\u00e1s alespo\u0148 jednou v \u017eivot\u011b za\u017eil tu bezmoc, kdy\u017e u\u017e nem\u016f\u017eete naj\u00edt \u017e\u00e1dnou vhodnou polohu, aby V\u00e1s aspo\u0148 na malou chvilku opustila bolest zad. A co teprve kr\u010dn\u00ed p\u00e1te\u0159 nebo bedern\u00ed \u010d\u00e1st p\u00e1te\u0159e? No prost\u011b utrpen\u00ed. Tak my te\u010f a tady pro V\u00e1s m\u00e1me \u0159e\u0161en\u00ed v podob\u011b pol\u0161t\u00e1\u0159ku na sezen\u00ed, kter\u00fd V\u00e1m pom\u016f\u017ee zpevnit cel\u00fd pohybov\u00fd apar\u00e1t. Je to takov\u00fd mal\u00fd z\u00e1zrak \u2013 l\u00e9\u010den\u00ed i prevence dal\u0161\u00edch pot\u00ed\u017e\u00ed b\u011bhem sezen\u00ed. Nem\u016f\u017eete se sehnout nebo narovnat? P\u0159iznejme si, \u017ee bolesti zad nejsou nic p\u0159\u00edjemn\u00e9ho. Kdy\u017e se nem\u016f\u017eete sehnout nebo naopak zase zp\u00e1tky narovnat. I mlad\u00fd \u010dlov\u011bk si najednou p\u0159ipad\u00e1, \u017ee je mu sto let. Tak u\u017e dost! S na\u0161\u00ed pom\u016fckou budete m\u00edt po starostech. Tak m\u00e1lo sta\u010d\u00ed, jen na n\u011bm sed\u011bt p\u00e1r minut denn\u011b. Pom\u00e1h\u00e1 uv\u00e9st v \u010dinnost svaly kolem p\u00e1te\u0159e a t\u00edm je i posiluje. Celkov\u011b V\u00e1m jeho pou\u017e\u00edv\u00e1n\u00ed pom\u016f\u017ee zlep\u0161it dr\u017een\u00ed t\u011bla a t\u00edm eliminovat Va\u0161e probl\u00e9my. Nev\u00e1hejte a vyzkou\u0161ejte.                                                                                                                                                                                                                                                                                                                                                                                                "},{"@context":"https:\/\/schema.org\/","@type":"BreadcrumbList","itemListElement":[{"@type":"ListItem","position":1,"name":"Kdy\u017e p\u00e1te\u0159 trp\u00ed","item":"https:\/\/www.cvcdk.cz\/kdyz-pater-trpi\/#breadcrumbitem"}]}]