[{"@context":"https:\/\/schema.org\/","@type":"Article","@id":"https:\/\/www.cvcdk.cz\/letni-sezona\/#Article","mainEntityOfPage":"https:\/\/www.cvcdk.cz\/letni-sezona\/","headline":"Letn\u00ed sez\u00f3na","name":"Letn\u00ed sez\u00f3na","description":"Kr\u00e1sn\u00e9 po\u010das\u00ed, slun\u00ed\u010dko h\u0159eje u\u017e od rann\u00edch hodin a pt\u00e1\u010dci zp\u00edvaj\u00ed. Toto v\u0161echno nazna\u010duje, \u017ee jaro je za dve\u0159mi a u\u017e se bude jenom oteplovat. Pr\u00e1v\u011b toto po\u010das\u00ed l\u00e1k\u00e1 ven, s\u00e1zej\u00ed se prvn\u00ed sem\u00ednka a kompletn\u011b za\u010d\u00edn\u00e1 pr\u00e1ce na zahrad\u011b. Toto obdob\u00ed pat\u0159\u00ed k nejhez\u010d\u00edm v roce, a to proto, \u017ee po dlouh\u00e9 zim\u011b nast\u00e1v\u00e1 [&hellip;]","datePublished":"2025-02-14","dateModified":"2025-02-14","author":{"@type":"Person","@id":"https:\/\/www.cvcdk.cz\/author\/#Person","name":"","url":"https:\/\/www.cvcdk.cz\/author\/","identifier":1,"image":{"@type":"ImageObject","@id":"https:\/\/secure.gravatar.com\/avatar\/ade5060b95d9432296fc92debd2ba3136f7a4d727a7bc57afe18c4808c7d7ac9?s=96&d=mm&r=g","url":"https:\/\/secure.gravatar.com\/avatar\/ade5060b95d9432296fc92debd2ba3136f7a4d727a7bc57afe18c4808c7d7ac9?s=96&d=mm&r=g","height":96,"width":96}},"publisher":{"@type":"Organization","name":"cvcdk.cz","logo":{"@type":"ImageObject","@id":"\/logo.png","url":"\/logo.png","width":600,"height":60}},"image":{"@type":"ImageObject","@id":"https:\/\/www.cvcdk.cz\/wp-content\/uploads\/swimming-1925391_640_5.jpg","url":"https:\/\/www.cvcdk.cz\/wp-content\/uploads\/swimming-1925391_640_5.jpg","height":0,"width":0},"url":"https:\/\/www.cvcdk.cz\/letni-sezona\/","about":["Zbo\u017e\u00ed"],"wordCount":447,"articleBody":"       Kr\u00e1sn\u00e9 po\u010das\u00ed, slun\u00ed\u010dko h\u0159eje u\u017e od rann\u00edch hodin a pt\u00e1\u010dci zp\u00edvaj\u00ed. Toto v\u0161echno nazna\u010duje, \u017ee jaro je za dve\u0159mi a u\u017e se bude jenom oteplovat. Pr\u00e1v\u011b toto po\u010das\u00ed l\u00e1k\u00e1 ven, s\u00e1zej\u00ed se prvn\u00ed sem\u00ednka a kompletn\u011b za\u010d\u00edn\u00e1 pr\u00e1ce na zahrad\u011b. Toto obdob\u00ed pat\u0159\u00ed k nejhez\u010d\u00edm v roce, a to proto, \u017ee po dlouh\u00e9 zim\u011b nast\u00e1v\u00e1 op\u011bt tepl\u00e9 po\u010das\u00ed. Mnoho lid\u00ed krom z\u00e1honu a dal\u0161\u00edch prac\u00ed za\u010dne ihned kontrolovat, jak na tom je jich baz\u00e9n a p\u0159\u00edslu\u0161enstv\u00ed. To nen\u00ed v\u016fbec od v\u011bci a ba naopak jsou takov\u00ed lid\u00e9 opravdu p\u0159ichystan\u00ed na sez\u00f3nu. Pokud i vy m\u00e1te baz\u00e9n, tak nev\u00e1hejte a zkontrolujte, zda je i v\u00e1\u0161 baz\u00e9n v kondici.Je dobr\u00e9 m\u00edt v\u0161e p\u0159ipraven\u00e9 ne\u017e pak na rychle sh\u00e1n\u011bt baz\u00e9nov\u00e9 hadice, chemii a dal\u0161\u00ed v\u011bci. Jak se \u0159\u00edk\u00e1, p\u0159\u00edprava je p\u016flka \u00fasp\u011bchu a je proto dobr\u00e9 m\u00edt v\u0161e p\u0159ipraven\u00e9. Jen t\u011b\u017eko pak budete sv\u00fdm d\u011btem vysv\u011btlovat, \u017ee jste zapomn\u011bli koupit p\u0159\u00edslu\u0161enstv\u00ed, bez kter\u00e9ho se nesm\u00ed v baz\u00e9n\u011b koupat. P\u0159ed samotnou kontrolou zapojte i d\u011bti a\u0165 jde pr\u00e1ce od ruky. Mohou pomalu ale jist\u011b um\u00fdvat vnit\u0159ek baz\u00e9nu, ne\u017e se napust\u00ed a tak\u00e9 p\u0159ipravit hadici pro napou\u0161t\u011bn\u00ed. Jsou to pr\u00e1v\u011b d\u011bti, kter\u00e9 se koupaj\u00ed v baz\u00e9nu nej\u010dast\u011bji a jejich pomoc je proto na m\u00edst\u011b. To stejn\u00e9 plat\u00ed i v p\u0159\u00edpad\u011b \u00fadr\u017eby b\u011bhem sez\u00f3ny. D\u011bti mohou vytahovat ne\u010distoty pomoc\u00ed s\u00ed\u0165ky, obsluhovat baz\u00e9nov\u00fd vysava\u010d nebo t\u0159eba proplachovat filtr. V\u0161echny tyto \u010dinnosti vedou k dlouh\u00e9 \u017eivotnosti baz\u00e9nu a tak\u00e9 k dokonal\u00e9 kondici. Od v\u011bci nen\u00ed ani to si koupit chemii do baz\u00e9nu ve velk\u00e9m, a to proto, \u017ee ka\u017ed\u00fdm rokem se zdra\u017euje. Jestli\u017ee u\u017e te\u010f v\u00edte, \u017e e budete m\u00edt baz\u00e9n des\u00edtky let, tak se nebojte nakoupit chemii i na p\u00e1r let dop\u0159edu. Nebudete litovat a v\u011b\u0159te, \u017ee chemii se ur\u010dit\u011b nic nestane. \u010cas koup\u00e1n\u00ed v\u017edy z\u00e1vis\u00ed na po\u010das\u00ed a na baz\u00e9n\u011b, kter\u00e9 m\u00e1te. Ov\u0161em ka\u017ed\u00fdm rokem jsou vysok\u00e9 teploty \u010d\u00edm d\u00e1l d\u0159\u00edve a teplota vody tak m\u016f\u017ee b\u00fdt mnohem rychleji zah\u0159\u00e1t\u00e1. Nev\u00e1hejte tak a za\u010dn\u011bte co nejd\u0159\u00edve, a\u0165 v\u00e1m letn\u00ed sez\u00f3na za\u010dne co nejd\u0159\u00edv.                                                                                                                                                                                                                                                                                                                                                                                                  "},{"@context":"https:\/\/schema.org\/","@type":"BreadcrumbList","itemListElement":[{"@type":"ListItem","position":1,"name":"Letn\u00ed sez\u00f3na","item":"https:\/\/www.cvcdk.cz\/letni-sezona\/#breadcrumbitem"}]}]