[{"@context":"https:\/\/schema.org\/","@type":"Article","@id":"https:\/\/www.cvcdk.cz\/moderni-svetla-setri-penize\/#Article","mainEntityOfPage":"https:\/\/www.cvcdk.cz\/moderni-svetla-setri-penize\/","headline":"Modern\u00ed sv\u011btla \u0161et\u0159\u00ed pen\u00edze","name":"Modern\u00ed sv\u011btla \u0161et\u0159\u00ed pen\u00edze","description":"V zimn\u00edch m\u011bs\u00edc\u00edch tr\u00e1v\u00edme p\u0159i um\u011bl\u00e9m osv\u011btlen\u00ed mnohem v\u00edce \u010dasu. Prakticky cel\u00fd \u017eivot jsme pou\u017e\u00edvali na osv\u011btlen\u00ed byt\u016f, dom\u016f, obytn\u00fdch m\u00edstnost\u00ed nebo jin\u00fdch pracovn\u00edch ploch, v\u010detn\u011b venkovn\u00edch prostor\u016f klasick\u00e9 \u017e\u00e1rovky nebo z\u00e1\u0159ivky. Klasick\u00e9 \u017e\u00e1rovky si vyslou\u017eily svoj\u00ed p\u0159ezd\u00edvku edisonky, z\u0159ejm\u011b podle sv\u00e9ho vyn\u00e1lezce. Doba se ale m\u011bn\u00ed a s n\u00ed i technologie. Sice poslou\u017eily dob\u0159e, [&hellip;]","datePublished":"2018-08-11","dateModified":"2018-08-11","author":{"@type":"Person","@id":"https:\/\/www.cvcdk.cz\/author\/#Person","name":"","url":"https:\/\/www.cvcdk.cz\/author\/","identifier":1,"image":{"@type":"ImageObject","@id":"https:\/\/secure.gravatar.com\/avatar\/ade5060b95d9432296fc92debd2ba3136f7a4d727a7bc57afe18c4808c7d7ac9?s=96&d=mm&r=g","url":"https:\/\/secure.gravatar.com\/avatar\/ade5060b95d9432296fc92debd2ba3136f7a4d727a7bc57afe18c4808c7d7ac9?s=96&d=mm&r=g","height":96,"width":96}},"publisher":{"@type":"Organization","name":"cvcdk.cz","logo":{"@type":"ImageObject","@id":"\/logo.png","url":"\/logo.png","width":600,"height":60}},"image":{"@type":"ImageObject","@id":"https:\/\/www.cvcdk.cz\/wp-content\/uploads\/img_a323510_w2183_t1535185594.jpg","url":"https:\/\/www.cvcdk.cz\/wp-content\/uploads\/img_a323510_w2183_t1535185594.jpg","height":0,"width":0},"url":"https:\/\/www.cvcdk.cz\/moderni-svetla-setri-penize\/","wordCount":422,"articleBody":"V zimn\u00edch m\u011bs\u00edc\u00edch tr\u00e1v\u00edme p\u0159i um\u011bl\u00e9m osv\u011btlen\u00ed mnohem v\u00edce \u010dasu. Prakticky cel\u00fd \u017eivot jsme pou\u017e\u00edvali na osv\u011btlen\u00ed byt\u016f, dom\u016f, obytn\u00fdch m\u00edstnost\u00ed nebo jin\u00fdch pracovn\u00edch ploch, v\u010detn\u011b venkovn\u00edch prostor\u016f klasick\u00e9 \u017e\u00e1rovky nebo z\u00e1\u0159ivky. Klasick\u00e9 \u017e\u00e1rovky si vyslou\u017eily svoj\u00ed p\u0159ezd\u00edvku edisonky, z\u0159ejm\u011b podle sv\u00e9ho vyn\u00e1lezce. Doba se ale m\u011bn\u00ed a s n\u00ed i technologie. Sice poslou\u017eily dob\u0159e, ale draze. Ne na n\u00e1kup, jejich hodnota finan\u010dn\u011b nebyla n\u00e1ro\u010dn\u00e1, za to v\u00edce praskaly a musely se \u010dast\u011bji m\u011bnit. Sp\u00ed\u0161 spot\u0159eba elektrick\u00e9ho proudu byla zn\u00e1t a tak se \u010dasto v\u00edce wattov\u00e9 nahrazovaly m\u00e9n\u011b wattov\u00fdmi, co\u017e m\u011blo v podstat\u011b vliv na na\u0161e o\u010di a tak\u00e9 vykonanou pr\u00e1ci. Nyn\u00ed je ji\u017e nahradily efektivn\u011bj\u0161\u00ed a na provoz \u00fa\u010dinn\u011bj\u0161\u00ed a kvalitn\u011bj\u0161\u00ed zdroje. Vyb\u00edr\u00e1me typ \u017e\u00e1rovky V dne\u0161n\u00edch kamenn\u00fdch, ale i internetov\u00fdch obchodech, se nej\u010dast\u011bji vyb\u00edr\u00e1 mezi halogenov\u00fdm a LED osv\u011btlen\u00edm. Mnoho z n\u00e1s st\u00e1le nev\u00ed, jak\u00fd je v nich rozd\u00edl a prakticky jakou \u017e\u00e1rovku si po\u0159\u00eddit na dom\u00e1c\u00ed sv\u00edcen\u00ed a co bude nejlep\u0161\u00ed pou\u017e\u00edt na venkovn\u00ed. Nen\u00ed probl\u00e9m se zeptat odborn\u00edk\u016f a nechat si poradit vhodnou \u017e\u00e1rovku. Ono toti\u017e hodn\u011b rozhoduj\u00edc\u00ed bude, kde p\u0159edev\u0161\u00edm budeme sv\u011btlo pot\u0159ebovat nebo pou\u017e\u00edvat. Na venkovn\u00ed lze vyu\u017e\u00edt pro ide\u00e1ln\u00ed sv\u00edcen\u00ed jin\u00fd zdroj, nap\u0159\u00edklad  n\u00e1m m\u016f\u017ee pomoci s v\u00fdb\u011brem. Na dom\u00e1c\u00ed vyu\u017eit\u00ed je zase t\u0159eba rozv\u00e1\u017eit, zdali je \u017e\u00e1rovka ur\u010dena na m\u00edsta, kde se bude hodn\u011b pracovat a je t\u0159eba m\u00edt prostory osv\u00edcen\u00e9 jasn\u00fdm denn\u00edm sv\u011btlem i v no\u010dn\u00edch hodin\u00e1ch nebo zdali je t\u0159eba intimn\u00ed sv\u011btlo, p\u0159\u00edpadn\u011b vhodn\u00e9 ke \u010dten\u00ed a relaxaci. V\u00fdhodou t\u011bchto \u017e\u00e1rovek je samoz\u0159ejm\u011b \u00faspora na\u0161\u00ed pen\u011b\u017eenky, jeliko\u017e maj\u00ed nejen dlouhou \u017eivotnost, ale z\u00e1rove\u0148 \u0161et\u0159\u00ed odb\u011br elektrick\u00e9 energie. Mo\u017en\u00e1 po\u010d\u00e1te\u010dn\u00ed cena je trochu vy\u0161\u0161\u00ed, ne\u017e bychom si p\u0159edstavovali, ale v podstat\u011b tato investice se vr\u00e1t\u00ed velmi brzo zp\u011bt. Dokonce kv\u016fli v\u00fdm\u011bn\u011b nov\u00e9 \u017e\u00e1rovky se nemus\u00edme zbavovat star\u00fdch sv\u00edtidel, proto i pam\u00e1tka po babi\u010dce m\u016f\u017ee vyd\u00e1vat kr\u00e1sn\u00e9 sv\u011btlo.                                                                                                                                                                                                                                                                                                                                                                                                "},{"@context":"https:\/\/schema.org\/","@type":"BreadcrumbList","itemListElement":[{"@type":"ListItem","position":1,"name":"Modern\u00ed sv\u011btla \u0161et\u0159\u00ed pen\u00edze","item":"https:\/\/www.cvcdk.cz\/moderni-svetla-setri-penize\/#breadcrumbitem"}]}]