[{"@context":"https:\/\/schema.org\/","@type":"Article","@id":"https:\/\/www.cvcdk.cz\/na-generalni-uklid-si-pronajmete-prives\/#Article","mainEntityOfPage":"https:\/\/www.cvcdk.cz\/na-generalni-uklid-si-pronajmete-prives\/","headline":"Na gener\u00e1ln\u00ed \u00faklid si pronajm\u011bte p\u0159\u00edv\u011bs","name":"Na gener\u00e1ln\u00ed \u00faklid si pronajm\u011bte p\u0159\u00edv\u011bs","description":"Chyst\u00e1te se ke gener\u00e1ln\u00edmu \u00faklidu gar\u00e1\u017ee, d\u00edlny, zahradn\u00ed k\u016flny, sklepn\u00ed k\u00f3je, p\u016fdn\u00edch prostor nebo bytu, kter\u00fd p\u0159eb\u00edr\u00e1te po rodi\u010d\u00edch? Pak by se v\u00e1m mohl hodit p\u0159\u00edv\u011bsn\u00fd voz\u00edk, proto\u017ee odvoz nepot\u0159ebn\u00fdch v\u011bc\u00ed ta\u017en\u00fdm za\u0159\u00edzen\u00edm na Octavii s p\u0159ipojen\u00fdm p\u0159\u00edv\u011bsem je snad ten nejefektivn\u011bj\u0161\u00ed zp\u016fsob. Pro\u010d rad\u011bji j\u00edt touto cestou, a ne jinou? Pron\u00e1jem dod\u00e1vky \u2013 pokud [&hellip;]","datePublished":"2022-07-15","dateModified":"2024-06-24","author":{"@type":"Person","@id":"https:\/\/www.cvcdk.cz\/author\/#Person","name":"","url":"https:\/\/www.cvcdk.cz\/author\/","identifier":1,"image":{"@type":"ImageObject","@id":"https:\/\/secure.gravatar.com\/avatar\/ade5060b95d9432296fc92debd2ba3136f7a4d727a7bc57afe18c4808c7d7ac9?s=96&d=mm&r=g","url":"https:\/\/secure.gravatar.com\/avatar\/ade5060b95d9432296fc92debd2ba3136f7a4d727a7bc57afe18c4808c7d7ac9?s=96&d=mm&r=g","height":96,"width":96}},"publisher":{"@type":"Organization","name":"cvcdk.cz","logo":{"@type":"ImageObject","@id":"\/logo.png","url":"\/logo.png","width":600,"height":60}},"image":{"@type":"ImageObject","@id":"https:\/\/www.cvcdk.cz\/wp-content\/uploads\/automobile-465412_640.jpg","url":"https:\/\/www.cvcdk.cz\/wp-content\/uploads\/automobile-465412_640.jpg","height":0,"width":0},"url":"https:\/\/www.cvcdk.cz\/na-generalni-uklid-si-pronajmete-prives\/","wordCount":429,"articleBody":"   Chyst\u00e1te se ke gener\u00e1ln\u00edmu \u00faklidu gar\u00e1\u017ee, d\u00edlny, zahradn\u00ed k\u016flny, sklepn\u00ed k\u00f3je, p\u016fdn\u00edch prostor nebo bytu, kter\u00fd p\u0159eb\u00edr\u00e1te po rodi\u010d\u00edch? Pak by se v\u00e1m mohl hodit p\u0159\u00edv\u011bsn\u00fd voz\u00edk, proto\u017ee odvoz nepot\u0159ebn\u00fdch v\u011bc\u00ed ta\u017en\u00fdm za\u0159\u00edzen\u00edm na Octavii s p\u0159ipojen\u00fdm p\u0159\u00edv\u011bsem je snad ten nejefektivn\u011bj\u0161\u00ed zp\u016fsob. Pro\u010d rad\u011bji j\u00edt touto cestou, a ne jinou?Pron\u00e1jem dod\u00e1vky \u2013 pokud si na \u00faklid a vykl\u00edzen\u00ed prostor pronajmete v\u011bt\u0161\u00ed dod\u00e1vku, mo\u017en\u00e1, \u017ee s n\u00ed vykon\u00e1te pouze jednu cestu a u\u0161et\u0159\u00edte na palivu, jen\u017ee vzd\u00e1lenost sb\u011brn\u00fdch dvor\u016f a dal\u0161\u00edch prostor pro odkl\u00e1d\u00e1n\u00ed velkoobjemov\u00e9ho odpadu nen\u00ed tak velk\u00e1, a tak se \u00faspora na palivu projev\u00ed \u0159\u00e1dov\u011b v des\u00edtk\u00e1ch korun, zat\u00edmco za pron\u00e1jem dod\u00e1vky zaplat\u00edte mnohem v\u00edc. V z\u00e1sad\u011b nic proti dod\u00e1vk\u00e1m nem\u00e1me, je to skv\u011bl\u00fd zp\u016fsob, jak vyklidit t\u0159eba cel\u00fd byt, ale probl\u00e9m nast\u00e1v\u00e1 ve chv\u00edli, kdy v\u016fz po\u0161kod\u00edte. Vyplat\u00ed se b\u00fdt poji\u0161t\u011bn\u00ed, jen\u017ee t\u00edm se cena za vykl\u00edzen\u00ed prostor je\u0161t\u011b nav\u00fd\u0161\u00ed. A riskovat j\u00edzdu s ciz\u00edm autem bez poji\u0161t\u011bn\u00ed se v\u00e1m m\u016f\u017ee prodra\u017eit je\u0161t\u011b v\u00edc.Profesion\u00e1ln\u00ed firma \u2013 toto se vyplat\u00ed snad jen lidem, kte\u0159\u00ed jsou fyzicky handicapovan\u00ed, anebo nemaj\u00ed \u010das a za tu dobu, co vykl\u00edzec\u00ed firma pracuje, vyd\u011blaj\u00ed \u00fapln\u011b stejn\u00fd nebo vy\u0161\u0161\u00ed obnos, kter\u00fd za vyklizen\u00ed bytu zaplat\u00ed. N\u011bkdy m\u016f\u017ee b\u00fdt p\u0159ek\u00e1\u017ekou osobn\u00ed d\u016fvod, nap\u0159. v situac\u00edch, kdy je nutn\u00e9 vyklidit poz\u016fstalost po zem\u0159el\u00e9m p\u0159\u00edbuzn\u00e9m, k n\u011bmu\u017e jste m\u011bli v\u0159el\u00fd vztah, a kontakt s jeho v\u011bcmi v\u00e1m p\u0159ivod\u00ed sp\u00ed\u0161e traumatizuj\u00edc\u00ed vzpom\u00ednky.Vlastn\u00ed ta\u017en\u00e9 za\u0159\u00edzen\u00ed \u2013 m\u00e1te-li vlastn\u00ed kouli za autem, jste, jak se \u0159\u00edk\u00e1, \u201eza vodou\u201c. Zap\u0159\u00e1hnete za auto p\u0159\u00edv\u011bsn\u00fd voz\u00edk, a ten si klidn\u011b m\u016f\u017eete pronajmout, proto\u017ee jeho pron\u00e1jem je velmi levn\u00fd a po\u0161kozen\u00ed voz\u00edku velice m\u00e1lo pravd\u011bpodobn\u00e9. Budete nav\u00edc p\u00e1ny sv\u00e9ho \u010dasu, organizujete si pr\u016fb\u011bh prac\u00ed i j\u00edzdu na sb\u011brn\u00fd dv\u016fr zcela po sv\u00e9m. Mo\u017en\u00e1 se oto\u010d\u00edte v\u00edcekr\u00e1t, ale to nem\u00e1 na v\u00fdsledek va\u0161\u00ed \u010dinnosti podstatn\u00fd vliv.                                                                                                                                                                                                                                                                                                                                                                                                  "},{"@context":"https:\/\/schema.org\/","@type":"BreadcrumbList","itemListElement":[{"@type":"ListItem","position":1,"name":"Na gener\u00e1ln\u00ed \u00faklid si pronajm\u011bte p\u0159\u00edv\u011bs","item":"https:\/\/www.cvcdk.cz\/na-generalni-uklid-si-pronajmete-prives\/#breadcrumbitem"}]}]