[{"@context":"https:\/\/schema.org\/","@type":"Blog","@id":"https:\/\/www.cvcdk.cz#Blog","headline":"Cvcdk","description":"\nKa\u017ed\u00fd m\u00e1 jenom to, na co si dok\u00e1\u017ee vyd\u011blat. A proto\u017ee je toho lidem zapot\u0159eb\u00ed po\u0159\u00e1d v\u00edc a v\u00edc, je t\u0159eba m\u00edt i st\u00e1le vy\u0161\u0161\u00ed p\u0159\u00edjmy. Ale co kdy\u017e je n\u011bkdo nem\u00e1?","url":"https:\/\/www.cvcdk.cz","hasPart":[{"@type":"Article","@id":"https:\/\/www.cvcdk.cz\/na-dekoru-dveri-vestavene-skrine-take-zalezi\/","headline":"Na dekoru dve\u0159\u00ed vestav\u011bn\u00e9 sk\u0159\u00edn\u011b tak\u00e9 z\u00e1le\u017e\u00ed","url":"https:\/\/www.cvcdk.cz\/na-dekoru-dveri-vestavene-skrine-take-zalezi\/","datePublished":"2022-08-14","dateModified":"2024-06-24","mainEntityOfPage":"https:\/\/www.cvcdk.cz\/na-dekoru-dveri-vestavene-skrine-take-zalezi\/","author":{"@type":"Person","@id":"https:\/\/www.cvcdk.cz\/author\/#Person","name":"","url":"https:\/\/www.cvcdk.cz\/author\/","identifier":1,"image":{"@type":"ImageObject","@id":"https:\/\/secure.gravatar.com\/avatar\/ade5060b95d9432296fc92debd2ba3136f7a4d727a7bc57afe18c4808c7d7ac9?s=96&d=mm&r=g","url":"https:\/\/secure.gravatar.com\/avatar\/ade5060b95d9432296fc92debd2ba3136f7a4d727a7bc57afe18c4808c7d7ac9?s=96&d=mm&r=g","height":96,"width":96}},"publisher":{"@type":"Organization","name":"cvcdk.cz","logo":{"@type":"ImageObject","@id":"\/logo.png","url":"\/logo.png","width":600,"height":60}},"image":{"@type":"ImageObject","@id":"https:\/\/www.cvcdk.cz\/wp-content\/uploads\/clothes-6578298_640.jpg","url":"https:\/\/www.cvcdk.cz\/wp-content\/uploads\/clothes-6578298_640.jpg","height":0,"width":0},"wordCount":574,"keywords":null},{"@type":"Article","@id":"https:\/\/www.cvcdk.cz\/reklamni-mikina-muze-delat-radost-cele-vasi-rodine\/","headline":"Reklamn\u00ed mikina m\u016f\u017ee d\u011blat radost cel\u00e9 va\u0161\u00ed rodin\u011b","url":"https:\/\/www.cvcdk.cz\/reklamni-mikina-muze-delat-radost-cele-vasi-rodine\/","datePublished":"2022-08-14","dateModified":"2024-06-24","mainEntityOfPage":"https:\/\/www.cvcdk.cz\/reklamni-mikina-muze-delat-radost-cele-vasi-rodine\/","author":{"@type":"Person","@id":"https:\/\/www.cvcdk.cz\/author\/#Person","name":"","url":"https:\/\/www.cvcdk.cz\/author\/","identifier":1,"image":{"@type":"ImageObject","@id":"https:\/\/secure.gravatar.com\/avatar\/ade5060b95d9432296fc92debd2ba3136f7a4d727a7bc57afe18c4808c7d7ac9?s=96&d=mm&r=g","url":"https:\/\/secure.gravatar.com\/avatar\/ade5060b95d9432296fc92debd2ba3136f7a4d727a7bc57afe18c4808c7d7ac9?s=96&d=mm&r=g","height":96,"width":96}},"publisher":{"@type":"Organization","name":"cvcdk.cz","logo":{"@type":"ImageObject","@id":"\/logo.png","url":"\/logo.png","width":600,"height":60}},"image":{"@type":"ImageObject","@id":"https:\/\/www.cvcdk.cz\/wp-content\/uploads\/bike-775799_640.jpg","url":"https:\/\/www.cvcdk.cz\/wp-content\/uploads\/bike-775799_640.jpg","height":0,"width":0},"wordCount":542,"keywords":null},{"@type":"Article","@id":"https:\/\/www.cvcdk.cz\/stehovaci-firmy-jsou-pojistene\/","headline":"St\u011bhovac\u00ed firmy jsou poji\u0161t\u011bn\u00e9","url":"https:\/\/www.cvcdk.cz\/stehovaci-firmy-jsou-pojistene\/","datePublished":"2022-08-14","dateModified":"2022-08-14","mainEntityOfPage":"https:\/\/www.cvcdk.cz\/stehovaci-firmy-jsou-pojistene\/","author":{"@type":"Person","@id":"https:\/\/www.cvcdk.cz\/author\/#Person","name":"","url":"https:\/\/www.cvcdk.cz\/author\/","identifier":1,"image":{"@type":"ImageObject","@id":"https:\/\/secure.gravatar.com\/avatar\/ade5060b95d9432296fc92debd2ba3136f7a4d727a7bc57afe18c4808c7d7ac9?s=96&d=mm&r=g","url":"https:\/\/secure.gravatar.com\/avatar\/ade5060b95d9432296fc92debd2ba3136f7a4d727a7bc57afe18c4808c7d7ac9?s=96&d=mm&r=g","height":96,"width":96}},"publisher":{"@type":"Organization","name":"cvcdk.cz","logo":{"@type":"ImageObject","@id":"\/logo.png","url":"\/logo.png","width":600,"height":60}},"image":{"@type":"ImageObject","@id":"https:\/\/www.cvcdk.cz\/wp-content\/uploads\/copy-space-2535266_640_10_1.jpg","url":"https:\/\/www.cvcdk.cz\/wp-content\/uploads\/copy-space-2535266_640_10_1.jpg","height":0,"width":0},"wordCount":619,"keywords":null},{"@type":"Article","@id":"https:\/\/www.cvcdk.cz\/jak-budete-letos-travit-vanoce\/","headline":"Jak budete letos tr\u00e1vit V\u00e1noce","url":"https:\/\/www.cvcdk.cz\/jak-budete-letos-travit-vanoce\/","datePublished":"2022-08-14","dateModified":"2024-06-24","mainEntityOfPage":"https:\/\/www.cvcdk.cz\/jak-budete-letos-travit-vanoce\/","author":{"@type":"Person","@id":"https:\/\/www.cvcdk.cz\/author\/#Person","name":"","url":"https:\/\/www.cvcdk.cz\/author\/","identifier":1,"image":{"@type":"ImageObject","@id":"https:\/\/secure.gravatar.com\/avatar\/ade5060b95d9432296fc92debd2ba3136f7a4d727a7bc57afe18c4808c7d7ac9?s=96&d=mm&r=g","url":"https:\/\/secure.gravatar.com\/avatar\/ade5060b95d9432296fc92debd2ba3136f7a4d727a7bc57afe18c4808c7d7ac9?s=96&d=mm&r=g","height":96,"width":96}},"publisher":{"@type":"Organization","name":"cvcdk.cz","logo":{"@type":"ImageObject","@id":"\/logo.png","url":"\/logo.png","width":600,"height":60}},"image":{"@type":"ImageObject","@id":"https:\/\/www.cvcdk.cz\/wp-content\/uploads\/mountains-6049642_640.jpg","url":"https:\/\/www.cvcdk.cz\/wp-content\/uploads\/mountains-6049642_640.jpg","height":0,"width":0},"wordCount":581,"keywords":null},{"@type":"Article","@id":"https:\/\/www.cvcdk.cz\/vyhody-noseni-legin\/","headline":"V\u00fdhody no\u0161en\u00ed leg\u00edn","url":"https:\/\/www.cvcdk.cz\/vyhody-noseni-legin\/","datePublished":"2022-08-14","dateModified":"2024-06-24","mainEntityOfPage":"https:\/\/www.cvcdk.cz\/vyhody-noseni-legin\/","author":{"@type":"Person","@id":"https:\/\/www.cvcdk.cz\/author\/#Person","name":"","url":"https:\/\/www.cvcdk.cz\/author\/","identifier":1,"image":{"@type":"ImageObject","@id":"https:\/\/secure.gravatar.com\/avatar\/ade5060b95d9432296fc92debd2ba3136f7a4d727a7bc57afe18c4808c7d7ac9?s=96&d=mm&r=g","url":"https:\/\/secure.gravatar.com\/avatar\/ade5060b95d9432296fc92debd2ba3136f7a4d727a7bc57afe18c4808c7d7ac9?s=96&d=mm&r=g","height":96,"width":96}},"publisher":{"@type":"Organization","name":"cvcdk.cz","logo":{"@type":"ImageObject","@id":"\/logo.png","url":"\/logo.png","width":600,"height":60}},"image":{"@type":"ImageObject","@id":"https:\/\/www.cvcdk.cz\/wp-content\/uploads\/girl-g116f19852_640_9.jpg","url":"https:\/\/www.cvcdk.cz\/wp-content\/uploads\/girl-g116f19852_640_9.jpg","height":0,"width":0},"wordCount":613,"keywords":null},{"@type":"Article","@id":"https:\/\/www.cvcdk.cz\/naucte-se-konecne-ridit\/","headline":"Nau\u010dte se kone\u010dn\u011b \u0159\u00eddit!","url":"https:\/\/www.cvcdk.cz\/naucte-se-konecne-ridit\/","datePublished":"2022-08-14","dateModified":"2022-08-14","mainEntityOfPage":"https:\/\/www.cvcdk.cz\/naucte-se-konecne-ridit\/","author":{"@type":"Person","@id":"https:\/\/www.cvcdk.cz\/author\/#Person","name":"","url":"https:\/\/www.cvcdk.cz\/author\/","identifier":1,"image":{"@type":"ImageObject","@id":"https:\/\/secure.gravatar.com\/avatar\/ade5060b95d9432296fc92debd2ba3136f7a4d727a7bc57afe18c4808c7d7ac9?s=96&d=mm&r=g","url":"https:\/\/secure.gravatar.com\/avatar\/ade5060b95d9432296fc92debd2ba3136f7a4d727a7bc57afe18c4808c7d7ac9?s=96&d=mm&r=g","height":96,"width":96}},"publisher":{"@type":"Organization","name":"cvcdk.cz","logo":{"@type":"ImageObject","@id":"\/logo.png","url":"\/logo.png","width":600,"height":60}},"image":{"@type":"ImageObject","@id":"https:\/\/www.cvcdk.cz\/wp-content\/uploads\/buildings-7076002_640.jpg","url":"https:\/\/www.cvcdk.cz\/wp-content\/uploads\/buildings-7076002_640.jpg","height":0,"width":0},"wordCount":627,"keywords":null},{"@type":"Article","@id":"https:\/\/www.cvcdk.cz\/jak-prozit-nezapomenutelny-maturitni-ples\/","headline":"Jak pro\u017e\u00edt nezapomenuteln\u00fd maturitn\u00ed ples?","url":"https:\/\/www.cvcdk.cz\/jak-prozit-nezapomenutelny-maturitni-ples\/","datePublished":"2022-07-23","dateModified":"2022-07-23","mainEntityOfPage":"https:\/\/www.cvcdk.cz\/jak-prozit-nezapomenutelny-maturitni-ples\/","author":{"@type":"Person","@id":"https:\/\/www.cvcdk.cz\/author\/#Person","name":"","url":"https:\/\/www.cvcdk.cz\/author\/","identifier":1,"image":{"@type":"ImageObject","@id":"https:\/\/secure.gravatar.com\/avatar\/ade5060b95d9432296fc92debd2ba3136f7a4d727a7bc57afe18c4808c7d7ac9?s=96&d=mm&r=g","url":"https:\/\/secure.gravatar.com\/avatar\/ade5060b95d9432296fc92debd2ba3136f7a4d727a7bc57afe18c4808c7d7ac9?s=96&d=mm&r=g","height":96,"width":96}},"publisher":{"@type":"Organization","name":"cvcdk.cz","logo":{"@type":"ImageObject","@id":"\/logo.png","url":"\/logo.png","width":600,"height":60}},"image":{"@type":"ImageObject","@id":"https:\/\/www.cvcdk.cz\/wp-content\/uploads\/pexels-becerra-govea-photo-5845435.jpg","url":"https:\/\/www.cvcdk.cz\/wp-content\/uploads\/pexels-becerra-govea-photo-5845435.jpg","height":0,"width":0},"wordCount":630,"keywords":null},{"@type":"Article","@id":"https:\/\/www.cvcdk.cz\/bez-ceho-se-neobejde-kovovyroba\/","headline":"Bez \u010deho se neobejde kovov\u00fdroba?","url":"https:\/\/www.cvcdk.cz\/bez-ceho-se-neobejde-kovovyroba\/","datePublished":"2022-07-23","dateModified":"2024-06-24","mainEntityOfPage":"https:\/\/www.cvcdk.cz\/bez-ceho-se-neobejde-kovovyroba\/","author":{"@type":"Person","@id":"https:\/\/www.cvcdk.cz\/author\/#Person","name":"","url":"https:\/\/www.cvcdk.cz\/author\/","identifier":1,"image":{"@type":"ImageObject","@id":"https:\/\/secure.gravatar.com\/avatar\/ade5060b95d9432296fc92debd2ba3136f7a4d727a7bc57afe18c4808c7d7ac9?s=96&d=mm&r=g","url":"https:\/\/secure.gravatar.com\/avatar\/ade5060b95d9432296fc92debd2ba3136f7a4d727a7bc57afe18c4808c7d7ac9?s=96&d=mm&r=g","height":96,"width":96}},"publisher":{"@type":"Organization","name":"cvcdk.cz","logo":{"@type":"ImageObject","@id":"\/logo.png","url":"\/logo.png","width":600,"height":60}},"image":{"@type":"ImageObject","@id":"https:\/\/www.cvcdk.cz\/wp-content\/uploads\/fr%C3%A9za%20end%20mill.jpg","url":"https:\/\/www.cvcdk.cz\/wp-content\/uploads\/fr%C3%A9za%20end%20mill.jpg","height":0,"width":0},"wordCount":669,"keywords":null},{"@type":"Article","@id":"https:\/\/www.cvcdk.cz\/jedeme-s-detmi-na-vylet-do-krusnych-hor\/","headline":"Jedeme s d\u011btmi na v\u00fdlet do Kru\u0161n\u00fdch hor","url":"https:\/\/www.cvcdk.cz\/jedeme-s-detmi-na-vylet-do-krusnych-hor\/","datePublished":"2022-07-23","dateModified":"2024-06-24","mainEntityOfPage":"https:\/\/www.cvcdk.cz\/jedeme-s-detmi-na-vylet-do-krusnych-hor\/","author":{"@type":"Person","@id":"https:\/\/www.cvcdk.cz\/author\/#Person","name":"","url":"https:\/\/www.cvcdk.cz\/author\/","identifier":1,"image":{"@type":"ImageObject","@id":"https:\/\/secure.gravatar.com\/avatar\/ade5060b95d9432296fc92debd2ba3136f7a4d727a7bc57afe18c4808c7d7ac9?s=96&d=mm&r=g","url":"https:\/\/secure.gravatar.com\/avatar\/ade5060b95d9432296fc92debd2ba3136f7a4d727a7bc57afe18c4808c7d7ac9?s=96&d=mm&r=g","height":96,"width":96}},"publisher":{"@type":"Organization","name":"cvcdk.cz","logo":{"@type":"ImageObject","@id":"\/logo.png","url":"\/logo.png","width":600,"height":60}},"image":{"@type":"ImageObject","@id":"https:\/\/www.cvcdk.cz\/wp-content\/uploads\/inversion-1829338_640.jpg","url":"https:\/\/www.cvcdk.cz\/wp-content\/uploads\/inversion-1829338_640.jpg","height":0,"width":0},"wordCount":552,"keywords":null},{"@type":"Article","@id":"https:\/\/www.cvcdk.cz\/starnout-s-eleganci\/","headline":"St\u00e1rnout s eleganc\u00ed","url":"https:\/\/www.cvcdk.cz\/starnout-s-eleganci\/","datePublished":"2022-07-17","dateModified":"2024-06-24","mainEntityOfPage":"https:\/\/www.cvcdk.cz\/starnout-s-eleganci\/","author":{"@type":"Person","@id":"https:\/\/www.cvcdk.cz\/author\/#Person","name":"","url":"https:\/\/www.cvcdk.cz\/author\/","identifier":1,"image":{"@type":"ImageObject","@id":"https:\/\/secure.gravatar.com\/avatar\/ade5060b95d9432296fc92debd2ba3136f7a4d727a7bc57afe18c4808c7d7ac9?s=96&d=mm&r=g","url":"https:\/\/secure.gravatar.com\/avatar\/ade5060b95d9432296fc92debd2ba3136f7a4d727a7bc57afe18c4808c7d7ac9?s=96&d=mm&r=g","height":96,"width":96}},"publisher":{"@type":"Organization","name":"cvcdk.cz","logo":{"@type":"ImageObject","@id":"\/logo.png","url":"\/logo.png","width":600,"height":60}},"image":{"@type":"ImageObject","@id":"https:\/\/www.cvcdk.cz\/wp-content\/uploads\/woman-gc99baea5f_640.jpg","url":"https:\/\/www.cvcdk.cz\/wp-content\/uploads\/woman-gc99baea5f_640.jpg","height":0,"width":0},"wordCount":548,"keywords":null}]},{"@context":"https:\/\/schema.org","@type":"WebSite","@id":"https:\/\/www.cvcdk.cz\/#website","name":"Cvcdk","url":"https:\/\/www.cvcdk.cz","potentialAction":{"@type":"SearchAction","target":"https:\/\/www.cvcdk.cz\/?s={search_term_string}","query-input":"required name=search_term_string"}}]