[{"@context":"https:\/\/schema.org\/","@type":"Blog","@id":"https:\/\/www.cvcdk.cz#Blog","headline":"Cvcdk","description":"\nKa\u017ed\u00fd m\u00e1 jenom to, na co si dok\u00e1\u017ee vyd\u011blat. A proto\u017ee je toho lidem zapot\u0159eb\u00ed po\u0159\u00e1d v\u00edc a v\u00edc, je t\u0159eba m\u00edt i st\u00e1le vy\u0161\u0161\u00ed p\u0159\u00edjmy. Ale co kdy\u017e je n\u011bkdo nem\u00e1?","url":"https:\/\/www.cvcdk.cz","hasPart":[{"@type":"Article","@id":"https:\/\/www.cvcdk.cz\/jak-se-pocita-u-beleni-zubu-praha-cena\/","headline":"Jak se po\u010d\u00edt\u00e1 u b\u011blen\u00ed zub\u016f Praha cena","url":"https:\/\/www.cvcdk.cz\/jak-se-pocita-u-beleni-zubu-praha-cena\/","datePublished":"2022-07-16","dateModified":"2024-06-24","mainEntityOfPage":"https:\/\/www.cvcdk.cz\/jak-se-pocita-u-beleni-zubu-praha-cena\/","author":{"@type":"Person","@id":"https:\/\/www.cvcdk.cz\/author\/#Person","name":"","url":"https:\/\/www.cvcdk.cz\/author\/","identifier":1,"image":{"@type":"ImageObject","@id":"https:\/\/secure.gravatar.com\/avatar\/ade5060b95d9432296fc92debd2ba3136f7a4d727a7bc57afe18c4808c7d7ac9?s=96&d=mm&r=g","url":"https:\/\/secure.gravatar.com\/avatar\/ade5060b95d9432296fc92debd2ba3136f7a4d727a7bc57afe18c4808c7d7ac9?s=96&d=mm&r=g","height":96,"width":96}},"publisher":{"@type":"Organization","name":"cvcdk.cz","logo":{"@type":"ImageObject","@id":"\/logo.png","url":"\/logo.png","width":600,"height":60}},"image":{"@type":"ImageObject","@id":"https:\/\/www.cvcdk.cz\/wp-content\/uploads\/zubar2_8.jpg","url":"https:\/\/www.cvcdk.cz\/wp-content\/uploads\/zubar2_8.jpg","height":0,"width":0},"wordCount":612,"keywords":null},{"@type":"Article","@id":"https:\/\/www.cvcdk.cz\/vycep-piva\/","headline":"V\u00fd\u010dep piva","url":"https:\/\/www.cvcdk.cz\/vycep-piva\/","datePublished":"2022-07-15","dateModified":"2024-06-24","mainEntityOfPage":"https:\/\/www.cvcdk.cz\/vycep-piva\/","author":{"@type":"Person","@id":"https:\/\/www.cvcdk.cz\/author\/#Person","name":"","url":"https:\/\/www.cvcdk.cz\/author\/","identifier":1,"image":{"@type":"ImageObject","@id":"https:\/\/secure.gravatar.com\/avatar\/ade5060b95d9432296fc92debd2ba3136f7a4d727a7bc57afe18c4808c7d7ac9?s=96&d=mm&r=g","url":"https:\/\/secure.gravatar.com\/avatar\/ade5060b95d9432296fc92debd2ba3136f7a4d727a7bc57afe18c4808c7d7ac9?s=96&d=mm&r=g","height":96,"width":96}},"publisher":{"@type":"Organization","name":"cvcdk.cz","logo":{"@type":"ImageObject","@id":"\/logo.png","url":"\/logo.png","width":600,"height":60}},"image":{"@type":"ImageObject","@id":"https:\/\/www.cvcdk.cz\/wp-content\/uploads\/v%C3%BD%C4%8Dep.jpg","url":"https:\/\/www.cvcdk.cz\/wp-content\/uploads\/v%C3%BD%C4%8Dep.jpg","height":0,"width":0},"wordCount":519,"keywords":null},{"@type":"Article","@id":"https:\/\/www.cvcdk.cz\/vas-dum-bude-v-nejlepsich-rukou\/","headline":"V\u00e1\u0161 d\u016fm bude v nejlep\u0161\u00edch rukou","url":"https:\/\/www.cvcdk.cz\/vas-dum-bude-v-nejlepsich-rukou\/","datePublished":"2022-07-15","dateModified":"2024-06-24","mainEntityOfPage":"https:\/\/www.cvcdk.cz\/vas-dum-bude-v-nejlepsich-rukou\/","author":{"@type":"Person","@id":"https:\/\/www.cvcdk.cz\/author\/#Person","name":"","url":"https:\/\/www.cvcdk.cz\/author\/","identifier":1,"image":{"@type":"ImageObject","@id":"https:\/\/secure.gravatar.com\/avatar\/ade5060b95d9432296fc92debd2ba3136f7a4d727a7bc57afe18c4808c7d7ac9?s=96&d=mm&r=g","url":"https:\/\/secure.gravatar.com\/avatar\/ade5060b95d9432296fc92debd2ba3136f7a4d727a7bc57afe18c4808c7d7ac9?s=96&d=mm&r=g","height":96,"width":96}},"publisher":{"@type":"Organization","name":"cvcdk.cz","logo":{"@type":"ImageObject","@id":"\/logo.png","url":"\/logo.png","width":600,"height":60}},"image":{"@type":"ImageObject","@id":"https:\/\/www.cvcdk.cz\/wp-content\/uploads\/electrician-g021bb04f3_640.jpg","url":"https:\/\/www.cvcdk.cz\/wp-content\/uploads\/electrician-g021bb04f3_640.jpg","height":0,"width":0},"wordCount":514,"keywords":null},{"@type":"Article","@id":"https:\/\/www.cvcdk.cz\/na-generalni-uklid-si-pronajmete-prives\/","headline":"Na gener\u00e1ln\u00ed \u00faklid si pronajm\u011bte p\u0159\u00edv\u011bs","url":"https:\/\/www.cvcdk.cz\/na-generalni-uklid-si-pronajmete-prives\/","datePublished":"2022-07-15","dateModified":"2024-06-24","mainEntityOfPage":"https:\/\/www.cvcdk.cz\/na-generalni-uklid-si-pronajmete-prives\/","author":{"@type":"Person","@id":"https:\/\/www.cvcdk.cz\/author\/#Person","name":"","url":"https:\/\/www.cvcdk.cz\/author\/","identifier":1,"image":{"@type":"ImageObject","@id":"https:\/\/secure.gravatar.com\/avatar\/ade5060b95d9432296fc92debd2ba3136f7a4d727a7bc57afe18c4808c7d7ac9?s=96&d=mm&r=g","url":"https:\/\/secure.gravatar.com\/avatar\/ade5060b95d9432296fc92debd2ba3136f7a4d727a7bc57afe18c4808c7d7ac9?s=96&d=mm&r=g","height":96,"width":96}},"publisher":{"@type":"Organization","name":"cvcdk.cz","logo":{"@type":"ImageObject","@id":"\/logo.png","url":"\/logo.png","width":600,"height":60}},"image":{"@type":"ImageObject","@id":"https:\/\/www.cvcdk.cz\/wp-content\/uploads\/automobile-465412_640.jpg","url":"https:\/\/www.cvcdk.cz\/wp-content\/uploads\/automobile-465412_640.jpg","height":0,"width":0},"wordCount":550,"keywords":null},{"@type":"Article","@id":"https:\/\/www.cvcdk.cz\/jak-zacit-s-podnikanim\/","headline":"Jak za\u010d\u00edt s podnik\u00e1n\u00edm?","url":"https:\/\/www.cvcdk.cz\/jak-zacit-s-podnikanim\/","datePublished":"2022-07-08","dateModified":"2024-06-24","mainEntityOfPage":"https:\/\/www.cvcdk.cz\/jak-zacit-s-podnikanim\/","author":{"@type":"Person","@id":"https:\/\/www.cvcdk.cz\/author\/#Person","name":"","url":"https:\/\/www.cvcdk.cz\/author\/","identifier":1,"image":{"@type":"ImageObject","@id":"https:\/\/secure.gravatar.com\/avatar\/ade5060b95d9432296fc92debd2ba3136f7a4d727a7bc57afe18c4808c7d7ac9?s=96&d=mm&r=g","url":"https:\/\/secure.gravatar.com\/avatar\/ade5060b95d9432296fc92debd2ba3136f7a4d727a7bc57afe18c4808c7d7ac9?s=96&d=mm&r=g","height":96,"width":96}},"publisher":{"@type":"Organization","name":"cvcdk.cz","logo":{"@type":"ImageObject","@id":"\/logo.png","url":"\/logo.png","width":600,"height":60}},"image":{"@type":"ImageObject","@id":"https:\/\/www.cvcdk.cz\/wp-content\/uploads\/pexels-alphatradezone-7316661.jpg","url":"https:\/\/www.cvcdk.cz\/wp-content\/uploads\/pexels-alphatradezone-7316661.jpg","height":0,"width":0},"wordCount":635,"keywords":null},{"@type":"Article","@id":"https:\/\/www.cvcdk.cz\/spravne-zvoleny-kocarek-ochrani-deti-i-na-horach\/","headline":"Spr\u00e1vn\u011b zvolen\u00fd ko\u010d\u00e1rek ochr\u00e1n\u00ed d\u011bti i na hor\u00e1ch","url":"https:\/\/www.cvcdk.cz\/spravne-zvoleny-kocarek-ochrani-deti-i-na-horach\/","datePublished":"2022-07-08","dateModified":"2024-06-24","mainEntityOfPage":"https:\/\/www.cvcdk.cz\/spravne-zvoleny-kocarek-ochrani-deti-i-na-horach\/","author":{"@type":"Person","@id":"https:\/\/www.cvcdk.cz\/author\/#Person","name":"","url":"https:\/\/www.cvcdk.cz\/author\/","identifier":1,"image":{"@type":"ImageObject","@id":"https:\/\/secure.gravatar.com\/avatar\/ade5060b95d9432296fc92debd2ba3136f7a4d727a7bc57afe18c4808c7d7ac9?s=96&d=mm&r=g","url":"https:\/\/secure.gravatar.com\/avatar\/ade5060b95d9432296fc92debd2ba3136f7a4d727a7bc57afe18c4808c7d7ac9?s=96&d=mm&r=g","height":96,"width":96}},"publisher":{"@type":"Organization","name":"cvcdk.cz","logo":{"@type":"ImageObject","@id":"\/logo.png","url":"\/logo.png","width":600,"height":60}},"image":{"@type":"ImageObject","@id":"https:\/\/www.cvcdk.cz\/wp-content\/uploads\/mountains-3602837_640_6.jpg","url":"https:\/\/www.cvcdk.cz\/wp-content\/uploads\/mountains-3602837_640_6.jpg","height":0,"width":0},"wordCount":549,"keywords":null},{"@type":"Article","@id":"https:\/\/www.cvcdk.cz\/paradni-dovolena\/","headline":"Par\u00e1dn\u00ed dovolen\u00e1","url":"https:\/\/www.cvcdk.cz\/paradni-dovolena\/","datePublished":"2022-04-12","dateModified":"2024-06-24","mainEntityOfPage":"https:\/\/www.cvcdk.cz\/paradni-dovolena\/","author":{"@type":"Person","@id":"https:\/\/www.cvcdk.cz\/author\/#Person","name":"","url":"https:\/\/www.cvcdk.cz\/author\/","identifier":1,"image":{"@type":"ImageObject","@id":"https:\/\/secure.gravatar.com\/avatar\/ade5060b95d9432296fc92debd2ba3136f7a4d727a7bc57afe18c4808c7d7ac9?s=96&d=mm&r=g","url":"https:\/\/secure.gravatar.com\/avatar\/ade5060b95d9432296fc92debd2ba3136f7a4d727a7bc57afe18c4808c7d7ac9?s=96&d=mm&r=g","height":96,"width":96}},"publisher":{"@type":"Organization","name":"cvcdk.cz","logo":{"@type":"ImageObject","@id":"\/logo.png","url":"\/logo.png","width":600,"height":60}},"image":{"@type":"ImageObject","@id":"https:\/\/www.cvcdk.cz\/wp-content\/uploads\/bikini-865117_960_720.jpg","url":"https:\/\/www.cvcdk.cz\/wp-content\/uploads\/bikini-865117_960_720.jpg","height":0,"width":0},"wordCount":578,"keywords":null},{"@type":"Article","@id":"https:\/\/www.cvcdk.cz\/kdo-se-rad-bavi\/","headline":"Kdo se r\u00e1d bav\u00ed?","url":"https:\/\/www.cvcdk.cz\/kdo-se-rad-bavi\/","datePublished":"2022-03-30","dateModified":"2024-06-24","mainEntityOfPage":"https:\/\/www.cvcdk.cz\/kdo-se-rad-bavi\/","author":{"@type":"Person","@id":"https:\/\/www.cvcdk.cz\/author\/#Person","name":"","url":"https:\/\/www.cvcdk.cz\/author\/","identifier":1,"image":{"@type":"ImageObject","@id":"https:\/\/secure.gravatar.com\/avatar\/ade5060b95d9432296fc92debd2ba3136f7a4d727a7bc57afe18c4808c7d7ac9?s=96&d=mm&r=g","url":"https:\/\/secure.gravatar.com\/avatar\/ade5060b95d9432296fc92debd2ba3136f7a4d727a7bc57afe18c4808c7d7ac9?s=96&d=mm&r=g","height":96,"width":96}},"publisher":{"@type":"Organization","name":"cvcdk.cz","logo":{"@type":"ImageObject","@id":"\/logo.png","url":"\/logo.png","width":600,"height":60}},"image":{"@type":"ImageObject","@id":"https:\/\/www.cvcdk.cz\/wp-content\/uploads\/tv-5571609_640.jpg","url":"https:\/\/www.cvcdk.cz\/wp-content\/uploads\/tv-5571609_640.jpg","height":0,"width":0},"wordCount":495,"keywords":null},{"@type":"Article","@id":"https:\/\/www.cvcdk.cz\/dulezite-faktory-pri-zvazeni-zakoupeni-nemovitosti\/","headline":"D\u016fle\u017eit\u00e9 faktory p\u0159i zv\u00e1\u017een\u00ed zakoupen\u00ed nemovitosti","url":"https:\/\/www.cvcdk.cz\/dulezite-faktory-pri-zvazeni-zakoupeni-nemovitosti\/","datePublished":"2022-03-29","dateModified":"2022-03-29","mainEntityOfPage":"https:\/\/www.cvcdk.cz\/dulezite-faktory-pri-zvazeni-zakoupeni-nemovitosti\/","author":{"@type":"Person","@id":"https:\/\/www.cvcdk.cz\/author\/#Person","name":"","url":"https:\/\/www.cvcdk.cz\/author\/","identifier":1,"image":{"@type":"ImageObject","@id":"https:\/\/secure.gravatar.com\/avatar\/ade5060b95d9432296fc92debd2ba3136f7a4d727a7bc57afe18c4808c7d7ac9?s=96&d=mm&r=g","url":"https:\/\/secure.gravatar.com\/avatar\/ade5060b95d9432296fc92debd2ba3136f7a4d727a7bc57afe18c4808c7d7ac9?s=96&d=mm&r=g","height":96,"width":96}},"publisher":{"@type":"Organization","name":"cvcdk.cz","logo":{"@type":"ImageObject","@id":"\/logo.png","url":"\/logo.png","width":600,"height":60}},"image":{"@type":"ImageObject","@id":"https:\/\/www.cvcdk.cz\/wp-content\/uploads\/IMG_20160711_001020_4.png","url":"https:\/\/www.cvcdk.cz\/wp-content\/uploads\/IMG_20160711_001020_4.png","height":0,"width":0},"wordCount":583,"keywords":null},{"@type":"Article","@id":"https:\/\/www.cvcdk.cz\/zabava-a-kreativni-aktivity-pro-deti\/","headline":"Z\u00e1bava a kreativn\u00ed aktivity pro d\u011bti","url":"https:\/\/www.cvcdk.cz\/zabava-a-kreativni-aktivity-pro-deti\/","datePublished":"2022-03-09","dateModified":"2024-06-24","mainEntityOfPage":"https:\/\/www.cvcdk.cz\/zabava-a-kreativni-aktivity-pro-deti\/","author":{"@type":"Person","@id":"https:\/\/www.cvcdk.cz\/author\/#Person","name":"","url":"https:\/\/www.cvcdk.cz\/author\/","identifier":1,"image":{"@type":"ImageObject","@id":"https:\/\/secure.gravatar.com\/avatar\/ade5060b95d9432296fc92debd2ba3136f7a4d727a7bc57afe18c4808c7d7ac9?s=96&d=mm&r=g","url":"https:\/\/secure.gravatar.com\/avatar\/ade5060b95d9432296fc92debd2ba3136f7a4d727a7bc57afe18c4808c7d7ac9?s=96&d=mm&r=g","height":96,"width":96}},"publisher":{"@type":"Organization","name":"cvcdk.cz","logo":{"@type":"ImageObject","@id":"\/logo.png","url":"\/logo.png","width":600,"height":60}},"image":{"@type":"ImageObject","@id":"https:\/\/www.cvcdk.cz\/wp-content\/uploads\/f44cbc03496c3563ea82797a7d4e2d6a.jpg","url":"https:\/\/www.cvcdk.cz\/wp-content\/uploads\/f44cbc03496c3563ea82797a7d4e2d6a.jpg","height":0,"width":0},"wordCount":617,"keywords":null}]},{"@context":"https:\/\/schema.org","@type":"WebSite","@id":"https:\/\/www.cvcdk.cz\/#website","name":"Cvcdk","url":"https:\/\/www.cvcdk.cz","potentialAction":{"@type":"SearchAction","target":"https:\/\/www.cvcdk.cz\/?s={search_term_string}","query-input":"required name=search_term_string"}}]