[{"@context":"https:\/\/schema.org\/","@type":"Blog","@id":"https:\/\/www.cvcdk.cz#Blog","headline":"Cvcdk","description":"\nKa\u017ed\u00fd m\u00e1 jenom to, na co si dok\u00e1\u017ee vyd\u011blat. A proto\u017ee je toho lidem zapot\u0159eb\u00ed po\u0159\u00e1d v\u00edc a v\u00edc, je t\u0159eba m\u00edt i st\u00e1le vy\u0161\u0161\u00ed p\u0159\u00edjmy. Ale co kdy\u017e je n\u011bkdo nem\u00e1?","url":"https:\/\/www.cvcdk.cz","hasPart":[{"@type":"Article","@id":"https:\/\/www.cvcdk.cz\/pudy-nemusi-ochabovat\/","headline":"Pudy nemus\u00ed ochabovat","url":"https:\/\/www.cvcdk.cz\/pudy-nemusi-ochabovat\/","datePublished":"2023-07-25","dateModified":"2024-06-24","mainEntityOfPage":"https:\/\/www.cvcdk.cz\/pudy-nemusi-ochabovat\/","author":{"@type":"Person","@id":"https:\/\/www.cvcdk.cz\/author\/#Person","name":"","url":"https:\/\/www.cvcdk.cz\/author\/","identifier":1,"image":{"@type":"ImageObject","@id":"https:\/\/secure.gravatar.com\/avatar\/ade5060b95d9432296fc92debd2ba3136f7a4d727a7bc57afe18c4808c7d7ac9?s=96&d=mm&r=g","url":"https:\/\/secure.gravatar.com\/avatar\/ade5060b95d9432296fc92debd2ba3136f7a4d727a7bc57afe18c4808c7d7ac9?s=96&d=mm&r=g","height":96,"width":96}},"publisher":{"@type":"Organization","name":"cvcdk.cz","logo":{"@type":"ImageObject","@id":"\/logo.png","url":"\/logo.png","width":600,"height":60}},"image":{"@type":"ImageObject","@id":"https:\/\/www.cvcdk.cz\/wp-content\/uploads\/e%20eeeee_1.jpg","url":"https:\/\/www.cvcdk.cz\/wp-content\/uploads\/e%20eeeee_1.jpg","height":0,"width":0},"wordCount":616,"keywords":null},{"@type":"Article","@id":"https:\/\/www.cvcdk.cz\/v-klidu-a-teple\/","headline":"V klidu a teple","url":"https:\/\/www.cvcdk.cz\/v-klidu-a-teple\/","datePublished":"2023-07-23","dateModified":"2023-07-23","mainEntityOfPage":"https:\/\/www.cvcdk.cz\/v-klidu-a-teple\/","author":{"@type":"Person","@id":"https:\/\/www.cvcdk.cz\/author\/#Person","name":"","url":"https:\/\/www.cvcdk.cz\/author\/","identifier":1,"image":{"@type":"ImageObject","@id":"https:\/\/secure.gravatar.com\/avatar\/ade5060b95d9432296fc92debd2ba3136f7a4d727a7bc57afe18c4808c7d7ac9?s=96&d=mm&r=g","url":"https:\/\/secure.gravatar.com\/avatar\/ade5060b95d9432296fc92debd2ba3136f7a4d727a7bc57afe18c4808c7d7ac9?s=96&d=mm&r=g","height":96,"width":96}},"publisher":{"@type":"Organization","name":"cvcdk.cz","logo":{"@type":"ImageObject","@id":"\/logo.png","url":"\/logo.png","width":600,"height":60}},"image":{"@type":"ImageObject","@id":"https:\/\/www.cvcdk.cz\/wp-content\/uploads\/mittens-1177211_1280.jpg","url":"https:\/\/www.cvcdk.cz\/wp-content\/uploads\/mittens-1177211_1280.jpg","height":0,"width":0},"wordCount":585,"keywords":null},{"@type":"Article","@id":"https:\/\/www.cvcdk.cz\/dejte-tamponum-sbohem\/","headline":"Dejte tampon\u016fm sbohem","url":"https:\/\/www.cvcdk.cz\/dejte-tamponum-sbohem\/","datePublished":"2023-07-15","dateModified":"2023-07-15","mainEntityOfPage":"https:\/\/www.cvcdk.cz\/dejte-tamponum-sbohem\/","author":{"@type":"Person","@id":"https:\/\/www.cvcdk.cz\/author\/#Person","name":"","url":"https:\/\/www.cvcdk.cz\/author\/","identifier":1,"image":{"@type":"ImageObject","@id":"https:\/\/secure.gravatar.com\/avatar\/ade5060b95d9432296fc92debd2ba3136f7a4d727a7bc57afe18c4808c7d7ac9?s=96&d=mm&r=g","url":"https:\/\/secure.gravatar.com\/avatar\/ade5060b95d9432296fc92debd2ba3136f7a4d727a7bc57afe18c4808c7d7ac9?s=96&d=mm&r=g","height":96,"width":96}},"publisher":{"@type":"Organization","name":"cvcdk.cz","logo":{"@type":"ImageObject","@id":"\/logo.png","url":"\/logo.png","width":600,"height":60}},"image":{"@type":"ImageObject","@id":"https:\/\/www.cvcdk.cz\/wp-content\/uploads\/pexels-los-muertos-crew-8783685_8.jpg","url":"https:\/\/www.cvcdk.cz\/wp-content\/uploads\/pexels-los-muertos-crew-8783685_8.jpg","height":0,"width":0},"wordCount":566,"keywords":null},{"@type":"Article","@id":"https:\/\/www.cvcdk.cz\/kazdy-muze-mit-doma-male-koupaliste\/","headline":"Ka\u017ed\u00fd m\u016f\u017ee m\u00edt doma mal\u00e9 koupali\u0161t\u011b","url":"https:\/\/www.cvcdk.cz\/kazdy-muze-mit-doma-male-koupaliste\/","datePublished":"2023-07-04","dateModified":"2023-07-04","mainEntityOfPage":"https:\/\/www.cvcdk.cz\/kazdy-muze-mit-doma-male-koupaliste\/","author":{"@type":"Person","@id":"https:\/\/www.cvcdk.cz\/author\/#Person","name":"","url":"https:\/\/www.cvcdk.cz\/author\/","identifier":1,"image":{"@type":"ImageObject","@id":"https:\/\/secure.gravatar.com\/avatar\/ade5060b95d9432296fc92debd2ba3136f7a4d727a7bc57afe18c4808c7d7ac9?s=96&d=mm&r=g","url":"https:\/\/secure.gravatar.com\/avatar\/ade5060b95d9432296fc92debd2ba3136f7a4d727a7bc57afe18c4808c7d7ac9?s=96&d=mm&r=g","height":96,"width":96}},"publisher":{"@type":"Organization","name":"cvcdk.cz","logo":{"@type":"ImageObject","@id":"\/logo.png","url":"\/logo.png","width":600,"height":60}},"image":{"@type":"ImageObject","@id":"https:\/\/www.cvcdk.cz\/wp-content\/uploads\/Skok%20do%20vody_1.jpg","url":"https:\/\/www.cvcdk.cz\/wp-content\/uploads\/Skok%20do%20vody_1.jpg","height":0,"width":0},"wordCount":586,"keywords":null},{"@type":"Article","@id":"https:\/\/www.cvcdk.cz\/vase-deti-se-budou-mit-na-co-tesit\/","headline":"Va\u0161e d\u011bti se budou m\u00edt, na co t\u011b\u0161it","url":"https:\/\/www.cvcdk.cz\/vase-deti-se-budou-mit-na-co-tesit\/","datePublished":"2023-07-03","dateModified":"2024-07-07","mainEntityOfPage":"https:\/\/www.cvcdk.cz\/vase-deti-se-budou-mit-na-co-tesit\/","author":{"@type":"Person","@id":"https:\/\/www.cvcdk.cz\/author\/#Person","name":"","url":"https:\/\/www.cvcdk.cz\/author\/","identifier":1,"image":{"@type":"ImageObject","@id":"https:\/\/secure.gravatar.com\/avatar\/ade5060b95d9432296fc92debd2ba3136f7a4d727a7bc57afe18c4808c7d7ac9?s=96&d=mm&r=g","url":"https:\/\/secure.gravatar.com\/avatar\/ade5060b95d9432296fc92debd2ba3136f7a4d727a7bc57afe18c4808c7d7ac9?s=96&d=mm&r=g","height":96,"width":96}},"publisher":{"@type":"Organization","name":"cvcdk.cz","logo":{"@type":"ImageObject","@id":"\/logo.png","url":"\/logo.png","width":600,"height":60}},"image":null,"wordCount":285,"keywords":null},{"@type":"Article","@id":"https:\/\/www.cvcdk.cz\/jiz-zadne-riziko-padu\/","headline":"Ji\u017e \u017e\u00e1dn\u00e9 riziko p\u00e1du","url":"https:\/\/www.cvcdk.cz\/jiz-zadne-riziko-padu\/","datePublished":"2023-05-14","dateModified":"2024-06-24","mainEntityOfPage":"https:\/\/www.cvcdk.cz\/jiz-zadne-riziko-padu\/","author":{"@type":"Person","@id":"https:\/\/www.cvcdk.cz\/author\/#Person","name":"","url":"https:\/\/www.cvcdk.cz\/author\/","identifier":1,"image":{"@type":"ImageObject","@id":"https:\/\/secure.gravatar.com\/avatar\/ade5060b95d9432296fc92debd2ba3136f7a4d727a7bc57afe18c4808c7d7ac9?s=96&d=mm&r=g","url":"https:\/\/secure.gravatar.com\/avatar\/ade5060b95d9432296fc92debd2ba3136f7a4d727a7bc57afe18c4808c7d7ac9?s=96&d=mm&r=g","height":96,"width":96}},"publisher":{"@type":"Organization","name":"cvcdk.cz","logo":{"@type":"ImageObject","@id":"\/logo.png","url":"\/logo.png","width":600,"height":60}},"image":null,"wordCount":271,"keywords":null},{"@type":"Article","@id":"https:\/\/www.cvcdk.cz\/produkty-do-domova-ktere-se-vyplati-kazdemu\/","headline":"Produkty do domova, kter\u00e9 se vyplat\u00ed ka\u017ed\u00e9mu","url":"https:\/\/www.cvcdk.cz\/produkty-do-domova-ktere-se-vyplati-kazdemu\/","datePublished":"2023-04-07","dateModified":"2024-06-24","mainEntityOfPage":"https:\/\/www.cvcdk.cz\/produkty-do-domova-ktere-se-vyplati-kazdemu\/","author":{"@type":"Person","@id":"https:\/\/www.cvcdk.cz\/author\/#Person","name":"","url":"https:\/\/www.cvcdk.cz\/author\/","identifier":1,"image":{"@type":"ImageObject","@id":"https:\/\/secure.gravatar.com\/avatar\/ade5060b95d9432296fc92debd2ba3136f7a4d727a7bc57afe18c4808c7d7ac9?s=96&d=mm&r=g","url":"https:\/\/secure.gravatar.com\/avatar\/ade5060b95d9432296fc92debd2ba3136f7a4d727a7bc57afe18c4808c7d7ac9?s=96&d=mm&r=g","height":96,"width":96}},"publisher":{"@type":"Organization","name":"cvcdk.cz","logo":{"@type":"ImageObject","@id":"\/logo.png","url":"\/logo.png","width":600,"height":60}},"image":null,"wordCount":267,"keywords":null},{"@type":"Article","@id":"https:\/\/www.cvcdk.cz\/poppers-neznamena-jen-same-pozitivum\/","headline":"Poppers neznamen\u00e1 jen sam\u00e9 pozitivum","url":"https:\/\/www.cvcdk.cz\/poppers-neznamena-jen-same-pozitivum\/","datePublished":"2023-03-05","dateModified":"2024-06-24","mainEntityOfPage":"https:\/\/www.cvcdk.cz\/poppers-neznamena-jen-same-pozitivum\/","author":{"@type":"Person","@id":"https:\/\/www.cvcdk.cz\/author\/#Person","name":"","url":"https:\/\/www.cvcdk.cz\/author\/","identifier":1,"image":{"@type":"ImageObject","@id":"https:\/\/secure.gravatar.com\/avatar\/ade5060b95d9432296fc92debd2ba3136f7a4d727a7bc57afe18c4808c7d7ac9?s=96&d=mm&r=g","url":"https:\/\/secure.gravatar.com\/avatar\/ade5060b95d9432296fc92debd2ba3136f7a4d727a7bc57afe18c4808c7d7ac9?s=96&d=mm&r=g","height":96,"width":96}},"publisher":{"@type":"Organization","name":"cvcdk.cz","logo":{"@type":"ImageObject","@id":"\/logo.png","url":"\/logo.png","width":600,"height":60}},"image":null,"wordCount":279,"keywords":null},{"@type":"Article","@id":"https:\/\/www.cvcdk.cz\/obleceni-za-super-ceny\/","headline":"Oble\u010den\u00ed za super ceny","url":"https:\/\/www.cvcdk.cz\/obleceni-za-super-ceny\/","datePublished":"2023-02-10","dateModified":"2023-02-10","mainEntityOfPage":"https:\/\/www.cvcdk.cz\/obleceni-za-super-ceny\/","author":{"@type":"Person","@id":"https:\/\/www.cvcdk.cz\/author\/#Person","name":"","url":"https:\/\/www.cvcdk.cz\/author\/","identifier":1,"image":{"@type":"ImageObject","@id":"https:\/\/secure.gravatar.com\/avatar\/ade5060b95d9432296fc92debd2ba3136f7a4d727a7bc57afe18c4808c7d7ac9?s=96&d=mm&r=g","url":"https:\/\/secure.gravatar.com\/avatar\/ade5060b95d9432296fc92debd2ba3136f7a4d727a7bc57afe18c4808c7d7ac9?s=96&d=mm&r=g","height":96,"width":96}},"publisher":{"@type":"Organization","name":"cvcdk.cz","logo":{"@type":"ImageObject","@id":"\/logo.png","url":"\/logo.png","width":600,"height":60}},"image":{"@type":"ImageObject","@id":"https:\/\/www.cvcdk.cz\/wp-content\/uploads\/clothes-5371410_640_2.jpg","url":"https:\/\/www.cvcdk.cz\/wp-content\/uploads\/clothes-5371410_640_2.jpg","height":0,"width":0},"wordCount":531,"keywords":null},{"@type":"Article","@id":"https:\/\/www.cvcdk.cz\/otevirame-plavecke-kurzy\/","headline":"Otev\u00edr\u00e1me plaveck\u00e9 kurzy","url":"https:\/\/www.cvcdk.cz\/otevirame-plavecke-kurzy\/","datePublished":"2023-01-31","dateModified":"2024-06-24","mainEntityOfPage":"https:\/\/www.cvcdk.cz\/otevirame-plavecke-kurzy\/","author":{"@type":"Person","@id":"https:\/\/www.cvcdk.cz\/author\/#Person","name":"","url":"https:\/\/www.cvcdk.cz\/author\/","identifier":1,"image":{"@type":"ImageObject","@id":"https:\/\/secure.gravatar.com\/avatar\/ade5060b95d9432296fc92debd2ba3136f7a4d727a7bc57afe18c4808c7d7ac9?s=96&d=mm&r=g","url":"https:\/\/secure.gravatar.com\/avatar\/ade5060b95d9432296fc92debd2ba3136f7a4d727a7bc57afe18c4808c7d7ac9?s=96&d=mm&r=g","height":96,"width":96}},"publisher":{"@type":"Organization","name":"cvcdk.cz","logo":{"@type":"ImageObject","@id":"\/logo.png","url":"\/logo.png","width":600,"height":60}},"image":{"@type":"ImageObject","@id":"https:\/\/www.cvcdk.cz\/wp-content\/uploads\/woman-g1c522d02b_640.jpg","url":"https:\/\/www.cvcdk.cz\/wp-content\/uploads\/woman-g1c522d02b_640.jpg","height":0,"width":0},"wordCount":575,"keywords":null}]},{"@context":"https:\/\/schema.org","@type":"WebSite","@id":"https:\/\/www.cvcdk.cz\/#website","name":"Cvcdk","url":"https:\/\/www.cvcdk.cz","potentialAction":{"@type":"SearchAction","target":"https:\/\/www.cvcdk.cz\/?s={search_term_string}","query-input":"required name=search_term_string"}}]