[{"@context":"https:\/\/schema.org\/","@type":"Article","@id":"https:\/\/www.cvcdk.cz\/vase-deti-se-budou-mit-na-co-tesit\/#Article","mainEntityOfPage":"https:\/\/www.cvcdk.cz\/vase-deti-se-budou-mit-na-co-tesit\/","headline":"Va\u0161e d\u011bti se budou m\u00edt, na co t\u011b\u0161it","name":"Va\u0161e d\u011bti se budou m\u00edt, na co t\u011b\u0161it","description":"Jste rodi\u010d, kter\u00fd chce pro svoje d\u00edt\u011b jen to nejlep\u0161\u00ed? Chcete pro svoji ratolest zajistit program, i kdy\u017e nebude moct b\u00fdt pod va\u0161\u00edm dohledem? L\u00e9ta ve t\u0159\u00edd\u011b a s u\u010ditelkou neb\u00fdvaj\u00ed v\u017edy to, po \u010dem va\u0161e d\u011bti tou\u017e\u00ed, ale existuje n\u011bco, co by je mohlo v\u00e9st k tomu, aby se t\u011b\u0161ily. \u0160koly v p\u0159\u00edrod\u011b jsou [&hellip;]","datePublished":"2023-07-03","dateModified":"2024-07-07","author":{"@type":"Person","@id":"https:\/\/www.cvcdk.cz\/author\/#Person","name":"","url":"https:\/\/www.cvcdk.cz\/author\/","identifier":1,"image":{"@type":"ImageObject","@id":"https:\/\/secure.gravatar.com\/avatar\/ade5060b95d9432296fc92debd2ba3136f7a4d727a7bc57afe18c4808c7d7ac9?s=96&d=mm&r=g","url":"https:\/\/secure.gravatar.com\/avatar\/ade5060b95d9432296fc92debd2ba3136f7a4d727a7bc57afe18c4808c7d7ac9?s=96&d=mm&r=g","height":96,"width":96}},"publisher":{"@type":"Organization","name":"cvcdk.cz","logo":{"@type":"ImageObject","@id":"\/logo.png","url":"\/logo.png","width":600,"height":60}},"url":"https:\/\/www.cvcdk.cz\/vase-deti-se-budou-mit-na-co-tesit\/","wordCount":245,"articleBody":"Jste rodi\u010d, kter\u00fd chce pro svoje d\u00edt\u011b jen to nejlep\u0161\u00ed? Chcete pro svoji ratolest zajistit program, i kdy\u017e nebude moct b\u00fdt pod va\u0161\u00edm dohledem? L\u00e9ta ve t\u0159\u00edd\u011b a s u\u010ditelkou neb\u00fdvaj\u00ed v\u017edy to, po \u010dem va\u0161e d\u011bti tou\u017e\u00ed, ale existuje n\u011bco, co by je mohlo v\u00e9st k tomu, aby se t\u011b\u0161ily. \u0160koly v p\u0159\u00edrod\u011b jsou z\u00e1bavnou a pozn\u00e1vac\u00ed mo\u017enost\u00ed, jak zpest\u0159it pobyt v lavici a je\u0161t\u011b mu p\u0159in\u00e9st spoustu nov\u00fdch z\u00e1\u017eitk\u016f. Pobyt se spolu\u017e\u00e1ky na jin\u00e9m m\u00edst\u011b zp\u016fsob\u00ed, \u017ee se kolektiv v\u00edce stmel\u00ed a pozn\u00e1v\u00e1.Jak bude o va\u0161e d\u011bti postar\u00e1no?Pokud m\u00e1te obavy, \u017ee poslat va\u0161e d\u00edt\u011b n\u011bkam daleko mimo domov nen\u00ed v po\u0159\u00e1dku a boj\u00edte se o n\u011bj, takov\u00e9 pocity jsou naprosto norm\u00e1ln\u00ed a \u010dast\u00e9. Ale pokud organizaci \u0161koly v p\u0159\u00edrod\u011b sv\u011b\u0159\u00edte zku\u0161en\u00e9 spole\u010dnosti, jakou je Novach s.r.o., budete m\u00edt jistotu, \u017ee va\u0161e d\u00edt\u011b bude v dokonal\u00e9 p\u00e9\u010di a nebude v \u017e\u00e1dn\u00e9m p\u0159\u00edpad\u011b str\u00e1dat. Zaji\u0161t\u011bn\u00fd je profesion\u00e1ln\u00ed pedagog, zdravotn\u00edk i pestr\u00e1 z\u00e1bava, ubytov\u00e1n\u00ed a strava. Krom\u011b skv\u011bl\u00fdch z\u00e1\u017eitk\u016f a vzpom\u00ednek si va\u0161e d\u00edt\u011b odnese i kr\u00e1snou fotografii. V\u011b\u0159te, \u017ee se bude na pobyt t\u011b\u0161it zas.                                                                                                                                                                                                                                                                                                                                                                                                "},{"@context":"https:\/\/schema.org\/","@type":"BreadcrumbList","itemListElement":[{"@type":"ListItem","position":1,"name":"Va\u0161e d\u011bti se budou m\u00edt, na co t\u011b\u0161it","item":"https:\/\/www.cvcdk.cz\/vase-deti-se-budou-mit-na-co-tesit\/#breadcrumbitem"}]}]