[{"@context":"https:\/\/schema.org\/","@type":"Article","@id":"https:\/\/www.cvcdk.cz\/vyzdoba-na-svatky\/#Article","mainEntityOfPage":"https:\/\/www.cvcdk.cz\/vyzdoba-na-svatky\/","headline":"V\u00fdzdoba na sv\u00e1tky.","name":"V\u00fdzdoba na sv\u00e1tky.","description":"Kdy\u017e se bl\u00ed\u017e\u00ed jaro a v\u00e1s u\u017e to t\u00e1hne ven, jde vid\u011bt, \u017ee to je obdob\u00ed, kdy se m\u00e1te na co t\u011b\u0161it. Venku u\u017e za\u010d\u00ednaj\u00ed rozkv\u00e9tat prvn\u00ed jarn\u00ed kv\u011btiny a vy u\u017e p\u0159em\u00fd\u0161l\u00edte, co budete letos p\u011bstovat na sv\u00e9 zahr\u00e1dce, balk\u00f3nu nebo terase. V\u0161ude se d\u00e1 n\u011bco vyp\u011bstovat, a\u0165 u\u017e to jsou kr\u00e1sn\u00e9, von\u00edc\u00ed kv\u011btiny [&hellip;]","datePublished":"2024-02-13","dateModified":"2024-06-24","author":{"@type":"Person","@id":"https:\/\/www.cvcdk.cz\/author\/#Person","name":"","url":"https:\/\/www.cvcdk.cz\/author\/","identifier":1,"image":{"@type":"ImageObject","@id":"https:\/\/secure.gravatar.com\/avatar\/ade5060b95d9432296fc92debd2ba3136f7a4d727a7bc57afe18c4808c7d7ac9?s=96&d=mm&r=g","url":"https:\/\/secure.gravatar.com\/avatar\/ade5060b95d9432296fc92debd2ba3136f7a4d727a7bc57afe18c4808c7d7ac9?s=96&d=mm&r=g","height":96,"width":96}},"publisher":{"@type":"Organization","name":"cvcdk.cz","logo":{"@type":"ImageObject","@id":"\/logo.png","url":"\/logo.png","width":600,"height":60}},"image":{"@type":"ImageObject","@id":"https:\/\/www.cvcdk.cz\/wp-content\/uploads\/pexels-andrea-imre-16176611.jpg","url":"https:\/\/www.cvcdk.cz\/wp-content\/uploads\/pexels-andrea-imre-16176611.jpg","height":0,"width":0},"url":"https:\/\/www.cvcdk.cz\/vyzdoba-na-svatky\/","wordCount":451,"articleBody":"   Kdy\u017e se bl\u00ed\u017e\u00ed jaro a v\u00e1s u\u017e to t\u00e1hne ven, jde vid\u011bt, \u017ee to je obdob\u00ed, kdy se m\u00e1te na co t\u011b\u0161it. Venku u\u017e za\u010d\u00ednaj\u00ed rozkv\u00e9tat prvn\u00ed jarn\u00ed kv\u011btiny a vy u\u017e p\u0159em\u00fd\u0161l\u00edte, co budete letos p\u011bstovat na sv\u00e9 zahr\u00e1dce, balk\u00f3nu nebo terase. V\u0161ude se d\u00e1 n\u011bco vyp\u011bstovat, a\u0165 u\u017e to jsou kr\u00e1sn\u00e9, von\u00edc\u00ed kv\u011btiny nebo zelenina a ovoce. P\u0159ece kdo nem\u00e1 r\u00e1d takov\u00e9 maliny nebo bor\u016fvky, kter\u00e9 v\u00e1m budou dob\u0159e plodit i v kv\u011btin\u00e1\u010d\u00edch na balk\u00f3n\u011b. Nikdo nemus\u00ed b\u00fdt omezen, i kdy\u017e bydl\u00ed v panelov\u00e9m dom\u011b nebo dom\u011b bez zahrady. Stejn\u011b tak se bl\u00ed\u017e\u00ed prvn\u00ed sv\u00e1tky, kter\u00e9 n\u00e1s po nov\u00e9m roce \u010dekaj\u00ed a jsou to Velikonoce. Je to kr\u00e1sn\u00e9 obdob\u00ed a tradice, kter\u00e9 u\u017e spousta lid\u00ed nedodr\u017euje, co\u017e je velk\u00e1 \u0161koda. Ano ch\u00e1pu \u017eeny, \u017ee k tomuto sv\u00e1tku naj\u00ed hodn\u011b velk\u00fd odpor, kdy\u017e je \u010dekaj\u00ed p\u0159\u00edpravy v podob\u011b barven\u00ed velikono\u010dn\u00edch vaj\u00ed\u010dek, nakupov\u00e1n\u00ed poml\u00e1zky ve form\u011b sladk\u00e9 odm\u011bny a p\u0159ichyst\u00e1n\u00ed poho\u0161t\u011bn\u00ed pro hosty. Je toho hodn\u011b co mus\u00ed za\u0159\u00eddit a na opl\u00e1tku je za to mu\u017ei je\u0161t\u011b zml\u00e1t\u00ed. No nen\u00ed se \u010demu divit, \u017ee to nen\u00ed jejich nejlep\u0161\u00ed sv\u00e1tek. Ov\u0161em je to \u010das, kdy venku v\u0161echno kvete, za\u010d\u00ednaj\u00ed prvn\u00ed jarn\u00ed dny, kdy u\u017e nemus\u00edte b\u00fdt navle\u010den\u00ed jako sn\u011bhul\u00e1ci. M\u016f\u017eete u\u017e vym\u011bnit zimn\u00ed oble\u010den\u00ed za n\u011bco leh\u010d\u00edho. Ka\u017ed\u00e1 jarn\u00ed proch\u00e1zka je kouzeln\u00e1 jen to pozorov\u00e1n\u00ed krajiny, jak s\u00edl\u00ed a je v rozpuku a pak ty lidi, jak je to t\u00e1hne ven a necht\u011bj\u00ed b\u00fdt po zimn\u011b doma.Spousta lid\u00ed si vyzdob\u00ed na velikonoce i sv\u016fj domov, tak n\u011bjak to k Velikonoc\u016fm pat\u0159\u00ed. Jen se sv\u011b\u0159te ur\u010dit\u011b i vy m\u00e1te doma n\u011bjakou tu velikono\u010dn\u00ed ozdobu v podob\u011b malovan\u00fdch vaj\u00ed\u010dek, d\u0159ev\u011bn\u00fdch okrasn\u00fdch dekorac\u00ed v podob\u011b slepi\u010dek, kr\u00e1l\u00ed\u010dku a dal\u0161\u00edch. Hodn\u011b modern\u00ed jsou te\u010f kr\u00e1lici ze sl\u00e1my, kter\u00e9 si m\u016f\u017eete d\u00e1t ke vstupn\u00edm dve\u0159\u00edm nebo n\u011bkde v dom\u011b. Jsou to kr\u00e1sn\u00e9 dekorace a ka\u017ed\u00fd je doma schov\u00e1v\u00e1 v plastov\u00fdch bedn\u00e1ch, kde se jim nic nestane a budou kr\u00e1sn\u011b pohromad\u011b. I takov\u00e9 jarn\u00ed v\u011bnce na vstupn\u00ed dve\u0159e v\u00e1m o\u017eiv\u00ed va\u0161e bydlen\u00ed nebo samolepky na okna. Tak se p\u0159iznejte, u\u017e jste koukali, co budete letos dokupovat?                                                                                                                                                                                                                                                                                                                                                                                                  "},{"@context":"https:\/\/schema.org\/","@type":"BreadcrumbList","itemListElement":[{"@type":"ListItem","position":1,"name":"V\u00fdzdoba na sv\u00e1tky.","item":"https:\/\/www.cvcdk.cz\/vyzdoba-na-svatky\/#breadcrumbitem"}]}]