[{"@context":"https:\/\/schema.org\/","@type":"Article","@id":"https:\/\/www.cvcdk.cz\/zpatky-ke-knizkam\/#Article","mainEntityOfPage":"https:\/\/www.cvcdk.cz\/zpatky-ke-knizkam\/","headline":"Zp\u00e1tky ke kn\u00ed\u017ek\u00e1m!","name":"Zp\u00e1tky ke kn\u00ed\u017ek\u00e1m!","description":"P\u0159ijde V\u00e1m pou\u017eit\u00fd nadpis jako rozkaz? Ano? Tak ho tak budeme br\u00e1t, ale opravdu to dok\u00e1\u017ee n\u011bco zm\u011bnit? Vezmou si ho rodi\u010de mal\u00fdch d\u011bt\u00ed k srdci a p\u0159ehodnot\u00ed svoj\u00ed dosavadn\u00ed v\u00fdchovu ohledn\u011bhodnoty knih? Mysl\u00edm, \u017ee odpov\u011b\u010f asi ka\u017ed\u00fd z n\u00e1s zn\u00e1. Cht\u011blo by to z\u00e1zrak, aby se tak stalo. Ale v\u00e1\u017en\u011b je to tak \u0161patn\u00e9? [&hellip;]","datePublished":"2017-08-27","dateModified":"2024-06-24","author":{"@type":"Person","@id":"https:\/\/www.cvcdk.cz\/author\/#Person","name":"","url":"https:\/\/www.cvcdk.cz\/author\/","identifier":1,"image":{"@type":"ImageObject","@id":"https:\/\/secure.gravatar.com\/avatar\/ade5060b95d9432296fc92debd2ba3136f7a4d727a7bc57afe18c4808c7d7ac9?s=96&d=mm&r=g","url":"https:\/\/secure.gravatar.com\/avatar\/ade5060b95d9432296fc92debd2ba3136f7a4d727a7bc57afe18c4808c7d7ac9?s=96&d=mm&r=g","height":96,"width":96}},"publisher":{"@type":"Organization","name":"cvcdk.cz","logo":{"@type":"ImageObject","@id":"\/logo.png","url":"\/logo.png","width":600,"height":60}},"image":{"@type":"ImageObject","@id":"https:\/\/www.cvcdk.cz\/wp-content\/uploads\/img_a299018_w2155_t1509114798.jpg","url":"https:\/\/www.cvcdk.cz\/wp-content\/uploads\/img_a299018_w2155_t1509114798.jpg","height":0,"width":0},"url":"https:\/\/www.cvcdk.cz\/zpatky-ke-knizkam\/","wordCount":482,"articleBody":" P\u0159ijde V\u00e1m pou\u017eit\u00fd nadpis jako rozkaz? Ano? Tak ho tak budeme br\u00e1t, ale opravdu to dok\u00e1\u017ee n\u011bco zm\u011bnit? Vezmou si ho rodi\u010de mal\u00fdch d\u011bt\u00ed k srdci a p\u0159ehodnot\u00ed svoj\u00ed dosavadn\u00ed v\u00fdchovu ohledn\u011bhodnoty knih? Mysl\u00edm, \u017ee odpov\u011b\u010f asi ka\u017ed\u00fd z n\u00e1s zn\u00e1. Cht\u011blo by to z\u00e1zrak, aby se tak stalo. Ale v\u00e1\u017en\u011b je to tak \u0161patn\u00e9? To si pov\u00edme na n\u00e1sleduj\u00edc\u00edch \u0159\u00e1dc\u00edch. Jako mal\u00e1 jsem se v\u017edy hrozn\u011b radovala, kdy\u017e jsem dostala novou kn\u00ed\u017eku. T\u011b\u0161ila jsem na nov\u00e9 dobrodru\u017estv\u00ed jako mal\u00e1 holka, kterou jsem tak\u00e9 byla. U\u017e na prvn\u00edm stupni jsem m\u011bla spoustu spolu\u017e\u00e1k\u016f, kter\u00fd nen\u00e1vid\u011bli \u010dten\u00ed. Nech\u00e1pala jsem je. A up\u0159\u00edmn\u011b ani te\u010f nech\u00e1pu. Ale pro\u010d dv\u011b d\u011bti ze stejn\u00e9 t\u0159\u00eddy se stejnou v\u00fdukou maj\u00ed tak odli\u0161n\u00fd n\u00e1zor ohledn\u011b \u010dten\u00ed a knih? Ano, ka\u017ed\u00fd jsme jin\u00fd. Ale dle m\u00e9ho n\u00e1zoru a ur\u010dit\u011b nejen m\u00e9ho je chyba n\u011bkde jinde. U\u010ditel\u00e9 maj\u00ed velk\u00fd vliv, jestli n\u00e1s \u010dten\u00ed bude bavit nebo nikoliv. Ale ani oni nic nezmohou, pokud d\u00edt\u011b samo nechce. Proto\u017ee i povinn\u00e9 \u010detb\u011b se d\u00e1 velmi snadno vyhnout. Z\u00e1le\u017e\u00ed na rodi\u010d\u00edch. Pokud budeme d\u011btem u\u017e od dvou let rv\u00e1t do ruky pouze tablet \u010di mobil m\u00edsto leporel a d\u011btsk\u00fdch kn\u00ed\u017eek s obr\u00e1zky, tak se nem\u016f\u017eeme divit, \u017ee na\u0161e d\u00edt\u011b nebude m\u00edt kladn\u00fd \u010di v\u016fbec \u017e\u00e1dn\u00fd vztah ke knih\u00e1m. Proto by se m\u011bli rodi\u010de zamyslet, zdali t\u011bch technologi\u00ed nen\u00ed u\u017e moc. Nebo\u0165 vzpome\u0148te si, jak V\u00e1m rodi\u010de p\u0159ed span\u00edm \u010detli. L\u00edbilo se V\u00e1m to? Chyb\u00ed V\u00e1m to? Tak pro\u010d to odep\u00edr\u00e1te sv\u00fdm d\u011btem?Je n\u011bjak\u00e1 nad\u011bje? Hodn\u011b u\u010ditel\u016f se u mal\u00fdch d\u011bt\u00ed sna\u017e\u00ed, aby op\u011bt za\u010daly m\u00edt r\u00e1dy kn\u00ed\u017eky. Proto\u017ee v\u00ed, jak je to pozd\u011bji d\u016fle\u017eit\u00e9. Ale jak jsem ji\u017e \u0159\u00edkala, z kamene \u017eivot nevyk\u0159e\u0161ete. Tedy pokud d\u00edt\u011b nem\u00e1 \u017e\u00e1dnou p\u0159edlohu doma, tak nikdy nebude a\u017e na v\u00fdjimku milovat knihy. Existuje hodn\u011b projekt\u016f, kter\u00e9 se sna\u017e\u00ed vr\u00e1tit jak mal\u00e9 d\u011bti, tak i dosp\u011bl\u00e9 ke \u010dten\u00ed. A mus\u00edm \u0159\u00edct, \u017ee jsou dost \u00fasp\u011b\u0161n\u00e9 dle m\u00e9ho n\u00e1zoru. Ale st\u00e1le to nesta\u010d\u00ed. Cht\u011blo by to velkou kampa\u0148, ale o tom se n\u00e1m m\u016f\u017ee dlouho je\u0161t\u011b jen zd\u00e1t. Pro\u010d? Za\u010d\u00edn\u00e1 \u201evl\u00e1dnout\u201c generace, kter\u00e1 kn\u00ed\u017eky moc neuzn\u00e1v\u00e1. A tedy ji ani nebude zaj\u00edmat n\u011bjak\u00e1 kampa\u0148 a takov\u00fd druhotn\u00fd probl\u00e9m v na\u0161\u00ed spole\u010dnosti, co\u017e je ov\u0161em velik\u00e1 \u0161koda!                                                                                                                                                                                                                                                                                                                                                                                                "},{"@context":"https:\/\/schema.org\/","@type":"BreadcrumbList","itemListElement":[{"@type":"ListItem","position":1,"name":"Zp\u00e1tky ke kn\u00ed\u017ek\u00e1m!","item":"https:\/\/www.cvcdk.cz\/zpatky-ke-knizkam\/#breadcrumbitem"}]}]